{"id":12912,"date":"2016-01-11T12:24:59","date_gmt":"2016-01-11T14:24:59","guid":{"rendered":"http:\/\/catolicanet.net\/wp-cnet\/2016\/01\/11\/jubileu-primeiro-mes-registra-um-milhao-de-peregrinos-em-roma\/"},"modified":"2017-06-02T11:07:55","modified_gmt":"2017-06-02T14:07:55","slug":"jubileu-primeiro-mes-registra-um-milhao-de-peregrinos-em-roma","status":"publish","type":"post","link":"https:\/\/catolicanet.net\/wp-cnet\/jubileu-primeiro-mes-registra-um-milhao-de-peregrinos-em-roma\/","title":{"rendered":"Jubileu: primeiro m\u00eas registra um milh\u00e3o de peregrinos em Roma"},"content":{"rendered":"<p style=\"text-align: justify;\"><img decoding=\"async\" src=\"http:\/\/catolicanet.com.br\/images\/stories\/geral\/ansa913091_articolo.jpg\" border=\"0\" align=\"left\" \/>Mais de um milh\u00e3o de peregrinos em um m\u00eas: desde a abertura da Porta Santa da Bas\u00edlica de S. Pedro, em 8 de dezembro passado, o Pontif\u00edcio Conselho para a Nova Evangeliza\u00e7\u00e3o registrou a presen\u00e7a em Roma de um milh\u00e3o e 25 mil fi\u00e9is para os eventos jubilares.<\/p>\n<p>\u201cOs n\u00fameros n\u00e3o s\u00e3o importantes numa dimens\u00e3o espiritual, mas indicam uma intensa participa\u00e7\u00e3o e uma real exig\u00eancia dos fi\u00e9is\u201d, afirma o Presidente do Pontif\u00edcio Conselho, Dom Rino Fisichella, num artigo publicado pelo jornal vaticano L\u2019Osservatore Romano.<\/p>\n<p>Roma protagonista<\/p>\n<p>\u201cO Papa Francisco deseja que o Jubileu seja primeiramente um evento da Igreja, vivido em cada diocese, para redescobrir a for\u00e7a da miseric\u00f3rdia na vida cotidiana. As catedrais e os santu\u00e1rios n\u00e3o foram suficientes para conter o fluxo de fi\u00e9is que lotaram as pra\u00e7as na espera de realizar o gesto simb\u00f3lico da passagem da porta santa. Tudo isso n\u00e3o impediu que Roma permanecesse protagonista do Jubileu\u201d, escreve Dom Fisichella.<\/p>\n<p>O Arcebispo cita algumas medidas tomadas pelas autoridades civis de Roma para facilitar a mobilidade dos peregrinos, como a cria\u00e7\u00e3o de um percurso reservado a eles na \u201cvia della Conciliazione\u201d \u2013 que leva diretamente \u00e0 Porta Santa da Bas\u00edlica Vaticana \u2013 e o refor\u00e7amento da seguran\u00e7a.<\/p>\n<p>Miseric\u00f3rdia transforma a vida<\/p>\n<p>Dom Fisichella cita as palavras de Francisco na homelia de abertura: \u201cEntrar por aquela Porta significa descobrir a profundidade da miseric\u00f3rdia do Pai que a todos acolhe e vai pessoalmente ao encontro de cada um. \u00c9 Ele que nos procura, \u00e9 Ele que nos vem ao encontro. Neste Ano, deveremos crescer na convic\u00e7\u00e3o da miseric\u00f3rdia&#8230; Que atravessar da Porta Santa nos fa\u00e7a sentir participantes deste mist\u00e9rio de amor, de ternura. Ponhamos de lado qualquer forma de medo e temor\u201d.<\/p>\n<p>\u201cTranscorreu o primeiro m\u00eas e teve in\u00edcio um ano sempre mais crescente de participa\u00e7\u00e3o e de eventos que d\u00e3o a entender quanto o Jubileu da Miseric\u00f3rdia tenha entrado no cora\u00e7\u00e3o das pessoas e possa transformar a vida\u201d, conclui Dom Fisichella.<\/p>\n<p style=\"text-align: justify;\">Fonte: R\u00e1dio Vaticano<\/p>\n","protected":false},"excerpt":{"rendered":"<p>Mais de um milh\u00e3o de peregrinos em um m\u00eas: desde a abertura da Porta Santa da Bas\u00edlica de S. Pedro, em 8 de dezembro passado, o Pontif\u00edcio Conselho para a Nova Evangeliza\u00e7\u00e3o registrou a presen\u00e7a em Roma de um milh\u00e3o e 25 mil fi\u00e9is para os eventos jubilares. \u201cOs n\u00fameros n\u00e3o s\u00e3o importantes numa dimens\u00e3o [&hellip;]<\/p>\n","protected":false},"author":1,"featured_media":0,"comment_status":"open","ping_status":"open","sticky":false,"template":"","format":"standard","meta":{"footnotes":""},"categories":[3],"tags":[],"class_list":["post-12912","post","type-post","status-publish","format-standard","hentry","category-vaticano"],"_links":{"self":[{"href":"https:\/\/catolicanet.net\/wp-cnet\/wp-json\/wp\/v2\/posts\/12912","targetHints":{"allow":["GET"]}}],"collection":[{"href":"https:\/\/catolicanet.net\/wp-cnet\/wp-json\/wp\/v2\/posts"}],"about":[{"href":"https:\/\/catolicanet.net\/wp-cnet\/wp-json\/wp\/v2\/types\/post"}],"author":[{"embeddable":true,"href":"https:\/\/catolicanet.net\/wp-cnet\/wp-json\/wp\/v2\/users\/1"}],"replies":[{"embeddable":true,"href":"https:\/\/catolicanet.net\/wp-cnet\/wp-json\/wp\/v2\/comments?post=12912"}],"version-history":[{"count":1,"href":"https:\/\/catolicanet.net\/wp-cnet\/wp-json\/wp\/v2\/posts\/12912\/revisions"}],"predecessor-version":[{"id":28080,"href":"https:\/\/catolicanet.net\/wp-cnet\/wp-json\/wp\/v2\/posts\/12912\/revisions\/28080"}],"wp:attachment":[{"href":"https:\/\/catolicanet.net\/wp-cnet\/wp-json\/wp\/v2\/media?parent=12912"}],"wp:term":[{"taxonomy":"category","embeddable":true,"href":"https:\/\/catolicanet.net\/wp-cnet\/wp-json\/wp\/v2\/categories?post=12912"},{"taxonomy":"post_tag","embeddable":true,"href":"https:\/\/catolicanet.net\/wp-cnet\/wp-json\/wp\/v2\/tags?post=12912"}],"curies":[{"name":"wp","href":"https:\/\/api.w.org\/{rel}","templated":true}]}}