{"id":12910,"date":"2016-01-11T12:11:43","date_gmt":"2016-01-11T14:11:43","guid":{"rendered":"http:\/\/catolicanet.net\/wp-cnet\/2016\/01\/11\/migrantes-mais-de-cem-mortes-na-costa-da-somalia\/"},"modified":"2017-06-02T11:15:52","modified_gmt":"2017-06-02T14:15:52","slug":"migrantes-mais-de-cem-mortes-na-costa-da-somalia","status":"publish","type":"post","link":"https:\/\/catolicanet.net\/wp-cnet\/migrantes-mais-de-cem-mortes-na-costa-da-somalia\/","title":{"rendered":"Migrantes: mais de cem mortes na costa da Som\u00e1lia"},"content":{"rendered":"<p style=\"text-align: justify;\"><img decoding=\"async\" src=\"http:\/\/catolicanet.com.br\/images\/stories\/geral\/ansa848171_articolo.jpg\" border=\"0\" align=\"left\" \/>O drama das mortes de migrantes no mar n\u00e3o atinge s\u00f3 o Mediterr\u00e2neo. De fato, s\u00e3o mais de cem as pessoas afogadas diante da costa do norte da Som\u00e1lia, partidas do Chifre da \u00c1frica em dire\u00e7\u00e3o do I\u00eamen e de pa\u00edses ricos do Golfo. Uma rota percorrida anualmente por milhares de pessoas e muitas vezes esquecida pela m\u00eddia internacional.<\/p>\n<p>A embarca\u00e7\u00e3o foi encontrada dois dias atr\u00e1s pela Guarda Costeira da regi\u00e3o separatista da Somalil\u00e2ndia, no norte do pa\u00eds. Tinha deixado h\u00e1 duas semanas o porto de Bosaso em dire\u00e7\u00e3o de um ponto n\u00e3o especificado da Pen\u00ednsula Ar\u00e1bica. A bordo dezenas de pessoas, et\u00edopes e somalis, que estavam tentando fugir de seus pa\u00edses, dilacerados por conflitos e crise econ\u00f4mica.<\/p>\n<p>Assim que chegaram at\u00e9 a embarca\u00e7\u00e3o, naufragada por causa de um problema mec\u00e2nica, os socorredores encontraram uma dezena de pessoas mortas e mais de 70 sobreviventes, alguns em estado grave. Um balan\u00e7o agravado pela tr\u00e1gica descoberta nas praias vizinhas de outros 96 corpos, levados para a costa pela mar\u00e9.<\/p>\n<p>As autoridades da Somalil\u00e2ndia, entidade n\u00e3o reconhecida pela comunidade internacional, encontraram tr\u00eas membros da tripula\u00e7\u00e3o, que foram presos quando tentavam fugir para as montanhas pr\u00f3ximas. S\u00e3o milhares os imigrantes que morrem a cada ano nas \u00e1guas perigosas do Golfo de Aden e do Mar Vermelho em busca de trabalho nos pa\u00edses do Golfo P\u00e9rsico, uma rota paralela a do Mediterr\u00e2neo e tamb\u00e9m muito perigosa.<\/p>\n<p style=\"text-align: justify;\">Fonte: R\u00e1dio Vaticano<\/p>\n","protected":false},"excerpt":{"rendered":"<p>O drama das mortes de migrantes no mar n\u00e3o atinge s\u00f3 o Mediterr\u00e2neo. De fato, s\u00e3o mais de cem as pessoas afogadas diante da costa do norte da Som\u00e1lia, partidas do Chifre da \u00c1frica em dire\u00e7\u00e3o do I\u00eamen e de pa\u00edses ricos do Golfo. Uma rota percorrida anualmente por milhares de pessoas e muitas vezes [&hellip;]<\/p>\n","protected":false},"author":1,"featured_media":0,"comment_status":"open","ping_status":"open","sticky":false,"template":"","format":"standard","meta":{"footnotes":""},"categories":[3],"tags":[],"class_list":["post-12910","post","type-post","status-publish","format-standard","hentry","category-vaticano"],"_links":{"self":[{"href":"https:\/\/catolicanet.net\/wp-cnet\/wp-json\/wp\/v2\/posts\/12910","targetHints":{"allow":["GET"]}}],"collection":[{"href":"https:\/\/catolicanet.net\/wp-cnet\/wp-json\/wp\/v2\/posts"}],"about":[{"href":"https:\/\/catolicanet.net\/wp-cnet\/wp-json\/wp\/v2\/types\/post"}],"author":[{"embeddable":true,"href":"https:\/\/catolicanet.net\/wp-cnet\/wp-json\/wp\/v2\/users\/1"}],"replies":[{"embeddable":true,"href":"https:\/\/catolicanet.net\/wp-cnet\/wp-json\/wp\/v2\/comments?post=12910"}],"version-history":[{"count":1,"href":"https:\/\/catolicanet.net\/wp-cnet\/wp-json\/wp\/v2\/posts\/12910\/revisions"}],"predecessor-version":[{"id":28134,"href":"https:\/\/catolicanet.net\/wp-cnet\/wp-json\/wp\/v2\/posts\/12910\/revisions\/28134"}],"wp:attachment":[{"href":"https:\/\/catolicanet.net\/wp-cnet\/wp-json\/wp\/v2\/media?parent=12910"}],"wp:term":[{"taxonomy":"category","embeddable":true,"href":"https:\/\/catolicanet.net\/wp-cnet\/wp-json\/wp\/v2\/categories?post=12910"},{"taxonomy":"post_tag","embeddable":true,"href":"https:\/\/catolicanet.net\/wp-cnet\/wp-json\/wp\/v2\/tags?post=12910"}],"curies":[{"name":"wp","href":"https:\/\/api.w.org\/{rel}","templated":true}]}}