{"id":12900,"date":"2016-01-08T17:02:09","date_gmt":"2016-01-08T19:02:09","guid":{"rendered":"http:\/\/catolicanet.net\/wp-cnet\/2016\/01\/08\/africaegito-o-presidente-al-sisi-participa-da-vigilia-de-natal-na-catedral-copta\/"},"modified":"2017-05-31T13:46:15","modified_gmt":"2017-05-31T16:46:15","slug":"africaegito-o-presidente-al-sisi-participa-da-vigilia-de-natal-na-catedral-copta","status":"publish","type":"post","link":"https:\/\/catolicanet.net\/wp-cnet\/africaegito-o-presidente-al-sisi-participa-da-vigilia-de-natal-na-catedral-copta\/","title":{"rendered":"\u00c1FRICA\/EGITO &#8211; O Presidente al-Sisi participa da vig\u00edlia de Natal na catedral copta"},"content":{"rendered":"<p style=\"text-align: justify;\">Cairo (Ag\u00eancia Fides) &#8211; O Presidente eg\u00edpcio, Abdel Fattah al-Sisi, participou da vig\u00edlia da Solenidade de Natal celebrada pelo Patriarca copta-ortodoxo, Tawadros II, na catedral cairota de S\u00e3o Marcos na tarde de quarta-feira, 6 de janeiro. O Chefe de Estado, no final da celebra\u00e7\u00e3o, falou no microfone ao Patriarca, ao clero e fieis que estavam presentes em massa na celebra\u00e7\u00e3o. Em seu discurso de sauda\u00e7\u00e3o e felicita\u00e7\u00f5es, sublinham fontes locais, al-Sisi se referiu aos ataques contra as igrejas e comunidades crist\u00e3s eg\u00edpcias perpetrados por grupos fundamentalistas de matriz isl\u00e2mica e pediu desculpas pelo atraso na reconstru\u00e7\u00e3o das igrejas destru\u00eddas sobretudo durante as desordens de agosto de 2013, quando cinquenta institui\u00e7\u00f5es e lugares de culto crist\u00e3os foram atacados e destru\u00eddos por fac\u00e7\u00f5es ligadas aos Irm\u00e3os Mu\u00e7ulmanos e por grupos salafistas.<br \/>A multid\u00e3o de fieis acolheu alegremente o Presidente al-Sisi e isso tornou dif\u00edcil sua sa\u00edda da catedral. Os guardas-costas tiveram de usar a sa\u00edda secund\u00e1ria para fazer o presidente sair do local de culto crist\u00e3o. A missa na catedral foi celebrada com fortes medidas de seguran\u00e7a para prevenir o risco de atentados terroristas.<br \/>Em janeiro de 2015, al-Sisi participou, nesta mesma catedral, da missa de Natal que a Igreja copta celebra seguindo o calend\u00e1rio juliano. A celebra\u00e7\u00e3o do ano passado foi a primeira participa\u00e7\u00e3o de um presidente eg\u00edpcio na solenidade lit\u00fargica que celebra o nascimento de Jesus.<\/p>\n<p style=\"text-align: justify;\">Fonte: Ag\u00eancia Fides<\/p>\n","protected":false},"excerpt":{"rendered":"<p>Cairo (Ag\u00eancia Fides) &#8211; O Presidente eg\u00edpcio, Abdel Fattah al-Sisi, participou da vig\u00edlia da Solenidade de Natal celebrada pelo Patriarca copta-ortodoxo, Tawadros II, na catedral cairota de S\u00e3o Marcos na tarde de quarta-feira, 6 de janeiro. O Chefe de Estado, no final da celebra\u00e7\u00e3o, falou no microfone ao Patriarca, ao clero e fieis que estavam [&hellip;]<\/p>\n","protected":false},"author":1,"featured_media":0,"comment_status":"open","ping_status":"open","sticky":false,"template":"","format":"standard","meta":{"footnotes":""},"categories":[4],"tags":[],"class_list":["post-12900","post","type-post","status-publish","format-standard","hentry","category-cotidiano"],"_links":{"self":[{"href":"https:\/\/catolicanet.net\/wp-cnet\/wp-json\/wp\/v2\/posts\/12900","targetHints":{"allow":["GET"]}}],"collection":[{"href":"https:\/\/catolicanet.net\/wp-cnet\/wp-json\/wp\/v2\/posts"}],"about":[{"href":"https:\/\/catolicanet.net\/wp-cnet\/wp-json\/wp\/v2\/types\/post"}],"author":[{"embeddable":true,"href":"https:\/\/catolicanet.net\/wp-cnet\/wp-json\/wp\/v2\/users\/1"}],"replies":[{"embeddable":true,"href":"https:\/\/catolicanet.net\/wp-cnet\/wp-json\/wp\/v2\/comments?post=12900"}],"version-history":[{"count":1,"href":"https:\/\/catolicanet.net\/wp-cnet\/wp-json\/wp\/v2\/posts\/12900\/revisions"}],"predecessor-version":[{"id":26683,"href":"https:\/\/catolicanet.net\/wp-cnet\/wp-json\/wp\/v2\/posts\/12900\/revisions\/26683"}],"wp:attachment":[{"href":"https:\/\/catolicanet.net\/wp-cnet\/wp-json\/wp\/v2\/media?parent=12900"}],"wp:term":[{"taxonomy":"category","embeddable":true,"href":"https:\/\/catolicanet.net\/wp-cnet\/wp-json\/wp\/v2\/categories?post=12900"},{"taxonomy":"post_tag","embeddable":true,"href":"https:\/\/catolicanet.net\/wp-cnet\/wp-json\/wp\/v2\/tags?post=12900"}],"curies":[{"name":"wp","href":"https:\/\/api.w.org\/{rel}","templated":true}]}}