{"id":12882,"date":"2016-01-08T11:23:21","date_gmt":"2016-01-08T13:23:21","guid":{"rendered":"http:\/\/catolicanet.net\/wp-cnet\/2016\/01\/08\/treze-dias-com-sao-sebastiao\/"},"modified":"2017-05-08T16:46:38","modified_gmt":"2017-05-08T19:46:38","slug":"treze-dias-com-sao-sebastiao","status":"publish","type":"post","link":"https:\/\/catolicanet.net\/wp-cnet\/treze-dias-com-sao-sebastiao\/","title":{"rendered":"Treze dias com S\u00e3o Sebasti\u00e3o"},"content":{"rendered":"<p style=\"text-align: justify;\">S\u00e3o Sebasti\u00e3o, soldado do Imp\u00e9rio Romano no final do s\u00e9c. III e in\u00edcio do s\u00e9c. IV. Sebasti\u00e3o sofreu o mart\u00edrio em Roma em virtude da sua fidelidade a Cristo e \u00e0 Igreja. Em 1565, h\u00e1 450 anos, foi colocado como Padroeiro de nossa cidade, para cujos fi\u00e9is \u00e9 modelo de f\u00e9, coragem, const\u00e2ncia e disponibilidade. S\u00e3o Sebasti\u00e3o foi um grande mission\u00e1rio do seu tempo, levando o nome de Jesus a todos, fortalecendo os que estavam cansados e abatidos pela persegui\u00e7\u00e3o religiosa daquela \u00e9poca.<br \/> S\u00e3o Sebasti\u00e3o, defensor da verdade no amor apaixonado a Deus. O Imperador, com o cora\u00e7\u00e3o fechado, mandou prend\u00ea-lo num tronco e muitas flechadas sobre ele foram lan\u00e7adas, at\u00e9 o ponto de pensarem que estava morto. Mas uma mulher, esposa de um m\u00e1rtir, o conhecia, aproximou-se dele e percebeu que ele estava ainda vivo por gra\u00e7a. Ela cuidou das feridas dele. Ao recobrar sua sa\u00fade depois de um tempo, Sebasti\u00e3o apresentou-se novamente para o Imperador, pois queria o seu bem e o bem de todo o Imp\u00e9rio. Evangelizou, testemunhou, mas, dessa vez, no ano de 288 foi duramente martirizado. \u00a0\u00a0\u00a0 <br \/>Chamamos de Trezena os treze dias de prepara\u00e7\u00f5es e ora\u00e7\u00f5es.\u00a0 Existem outros momentos de trezenas, como tamb\u00e9m muitas novenas, tr\u00edduos e tantas formas de vivermos o tempo de espera. A expectativa da celebra\u00e7\u00e3o do dia 20 de janeiro em nossa \u201ccidade maravilhosa\u201d nos ajuda a ver nossa miss\u00e3o em servi-la, e, com o exemplo do nosso Padroeiro, seguir a Cristo dando testemunho de nossa f\u00e9 crist\u00e3.<br \/>A trezena deste ano tem como lema: \u201cS\u00e3o Sebasti\u00e3o, anunciador da miseric\u00f3rdia de Deus!\u201d \u201cDe fato, quando ao ler a vida de S\u00e3o Sebasti\u00e3o, percebemos que mesmo tendo sido t\u00e3o cruelmente deixado para morrer, ele retorna ao Imperador e o conclama \u00e0 convers\u00e3o, manifestando o amor de Deus at\u00e9 mesmo ao mais renhido pecador. Desse modo, n\u00e3o h\u00e1 como n\u00e3o reconhecer o amor misericordioso, gratuito e zeloso de Deus, que vai at\u00e9 e principalmente aos maiores pecadores\u201d (cf. \u201cCom Miseric\u00f3rdia olhou para Ele e o Escolheu\u201d, Carta Pastoral para o Ano da Miseric\u00f3rdia, 13 de dezembro de 2015, n. 112, 1).<br \/> Iniciamos quinta-feira, dia 7 de janeiro, a Trezena de S\u00e3o Sebasti\u00e3o. O tema que nos acompanha este ano \u00e9 o do Jubileu da Miseric\u00f3rdia: \u201cS\u00e3o Sebasti\u00e3o, anunciador da miseric\u00f3rdia de Deus\u201d. A experi\u00eancia de iniciar o novo ano com a caminhada com o nosso padroeiro pelas ruas e avenidas da cidade, a cada ano nos proporciona oportunidades novas ao ver os desafios de levar a nossa grande cidade a ser um lugar de paz e fraternidade. Vemos sempre belos sinais e exemplos, e pedimos a Deus que sejam multiplicados.<br \/> A Trezena, embora n\u00e3o fa\u00e7a parte da liturgia oficial da Igreja, nos prepara, no entanto, para a liturgia e para a vida de unidade eclesial. Caminhamos juntos na mesma f\u00e9, e, ao pedirmos a intercess\u00e3o de S\u00e3o Sebasti\u00e3o, devemos querer imitar as virtudes de sua vida no seguimento ao Evangelho de Jesus Cristo. A passagem da peregrina\u00e7\u00e3o pelas ruas dessa grande cidade suscita tamb\u00e9m rea\u00e7\u00f5es, em geral de piedade, levando pessoas a voltarem a participar de sua comunidade, procurando vivenciar suas tradi\u00e7\u00f5es cat\u00f3licas.<br \/> A Trezena tamb\u00e9m \u00e9 um momento oportuno para nos colocar em sintonia com a nossa fam\u00edlia espiritual, a Igreja. Com ela nos unimos aos nossos irm\u00e3os, aumentando o nosso sentimento de comunidade, de povo de Deus orante. A nossa comunh\u00e3o com todos os que anseiam por tempos melhores, respeitando a liberdade de op\u00e7\u00e3o e de pensamento, sem press\u00f5es contr\u00e1rias e confiando no progresso da paz e da fraternidade. A viv\u00eancia crist\u00e3 nos leva a construir, com a gra\u00e7a de Deus, um mundo mais justo e humano diante de uma sociedade que perde os valores da pr\u00f3pria vida humana.<br \/> Acolher o exemplo de S\u00e3o Sebasti\u00e3o, vivendo como crist\u00e3o aut\u00eantico, \u00e9 tamb\u00e9m saber acolher o outro, ser solid\u00e1rio com o outro e, em especial neste Ano da Miseric\u00f3rdia. Devemos, a exemplo de S\u00e3o Sebasti\u00e3o, saber amar e ser misericordioso um para com o outro. <br \/> Com atitude materna, a Igreja deve estender a miseric\u00f3rdia a muitas categorias. O Papa Francisco convida a Igreja a dirigir o seu olhar sol\u00edcito especialmente \u00e0queles que est\u00e3o nas periferias existenciais. \u201cNeste Ano Santo, podemos fazer a experi\u00eancia de abrir o cora\u00e7\u00e3o \u00e0queles que vivem nas mais variadas periferias existenciais, que muitas vezes o mundo contempor\u00e2neo cria de forma dram\u00e1tica. Quantas situa\u00e7\u00f5es de precariedade e sofrimentos presentes no mundo atual! Quantas feridas gravadas na carne de muitos que j\u00e1 n\u00e3o t\u00eam voz, porque o seu grito foi esmorecendo e se apagou por causa da indiferen\u00e7a dos povos ricos\u201d. (Papa Francisco \u2013 Misericordiae Vultus. n. 15).<br \/> A palavra chave desta trezena \u00e9 a prepara\u00e7\u00e3o do nosso cora\u00e7\u00e3o e de todo o nosso ser. Preparemos as nossas almas para a exig\u00eancia da confian\u00e7a, da humildade e da perseveran\u00e7a, tr\u00eas qualidades importantes na ora\u00e7\u00e3o crist\u00e3. E que a imagem peregrina, \u00fanica r\u00e9plica da hist\u00f3rica de S\u00e3o Sebasti\u00e3o, aqui trazida por Est\u00e1cio de S\u00e1, peregrinando pela cidade do Rio de Janeiro, seja penhor de gra\u00e7as para todo o nosso amado povo! <br \/> Aproveito aqui para convidar a todos para que fa\u00e7am com fervor e devo\u00e7\u00e3o a Trezena do nosso Padroeiro. A programa\u00e7\u00e3o da nossa trezena est\u00e1 no site da Arquidiocese. Vamos rezar com nosso Padroeiro e vamos fazer a Trezena em nossas comunidades, par\u00f3quias, com\u00e9rcio, locais p\u00fablicos e particulares, pedindo sempre a prote\u00e7\u00e3o de S\u00e3o Sebasti\u00e3o em favor da amada cidade do Rio de Janeiro.<\/p>\n","protected":false},"excerpt":{"rendered":"<p>S\u00e3o Sebasti\u00e3o, soldado do Imp\u00e9rio Romano no final do s\u00e9c. III e in\u00edcio do s\u00e9c. IV. Sebasti\u00e3o sofreu o mart\u00edrio em Roma em virtude da sua fidelidade a Cristo e \u00e0 Igreja. Em 1565, h\u00e1 450 anos, foi colocado como Padroeiro de nossa cidade, para cujos fi\u00e9is \u00e9 modelo de f\u00e9, coragem, const\u00e2ncia e disponibilidade. [&hellip;]<\/p>\n","protected":false},"author":5,"featured_media":0,"comment_status":"open","ping_status":"open","sticky":false,"template":"","format":"standard","meta":{"footnotes":""},"categories":[9],"tags":[],"class_list":["post-12882","post","type-post","status-publish","format-standard","hentry","category-artigos"],"_links":{"self":[{"href":"https:\/\/catolicanet.net\/wp-cnet\/wp-json\/wp\/v2\/posts\/12882","targetHints":{"allow":["GET"]}}],"collection":[{"href":"https:\/\/catolicanet.net\/wp-cnet\/wp-json\/wp\/v2\/posts"}],"about":[{"href":"https:\/\/catolicanet.net\/wp-cnet\/wp-json\/wp\/v2\/types\/post"}],"author":[{"embeddable":true,"href":"https:\/\/catolicanet.net\/wp-cnet\/wp-json\/wp\/v2\/users\/5"}],"replies":[{"embeddable":true,"href":"https:\/\/catolicanet.net\/wp-cnet\/wp-json\/wp\/v2\/comments?post=12882"}],"version-history":[{"count":1,"href":"https:\/\/catolicanet.net\/wp-cnet\/wp-json\/wp\/v2\/posts\/12882\/revisions"}],"predecessor-version":[{"id":21766,"href":"https:\/\/catolicanet.net\/wp-cnet\/wp-json\/wp\/v2\/posts\/12882\/revisions\/21766"}],"wp:attachment":[{"href":"https:\/\/catolicanet.net\/wp-cnet\/wp-json\/wp\/v2\/media?parent=12882"}],"wp:term":[{"taxonomy":"category","embeddable":true,"href":"https:\/\/catolicanet.net\/wp-cnet\/wp-json\/wp\/v2\/categories?post=12882"},{"taxonomy":"post_tag","embeddable":true,"href":"https:\/\/catolicanet.net\/wp-cnet\/wp-json\/wp\/v2\/tags?post=12882"}],"curies":[{"name":"wp","href":"https:\/\/api.w.org\/{rel}","templated":true}]}}