{"id":12880,"date":"2016-01-09T03:00:00","date_gmt":"2016-01-09T05:00:00","guid":{"rendered":"http:\/\/catolicanet.net\/wp-cnet\/2016\/01\/09\/significado-do-tempo-comum\/"},"modified":"2017-05-08T16:45:55","modified_gmt":"2017-05-08T19:45:55","slug":"significado-do-tempo-comum","status":"publish","type":"post","link":"https:\/\/catolicanet.net\/wp-cnet\/significado-do-tempo-comum\/","title":{"rendered":"Significado do Tempo Comum"},"content":{"rendered":"<p style=\"text-align: justify;\">Na liturgia, celebramos a vida de Cristo desde as promessas do Messias: sua Encarna\u00e7\u00e3o no seio da Virgem Maria, passando pelo seu Nascimento, Paix\u00e3o, Morte, Ressurrei\u00e7\u00e3o at\u00e9 a sua Ascens\u00e3o e a vinda do Esp\u00edrito Santo. Mas enquanto civilmente se comemoram fatos passados que aconteceram uma vez e n\u00e3o acontecer\u00e3o mais, (embora muitos desses fatos influenciem a nossa vida at\u00e9 os dias de hoje), no Ano Lit\u00fargico, al\u00e9m da comemora\u00e7\u00e3o, vivemos na atualidade, no dia-a-dia de nossa vida todos os aspectos da salva\u00e7\u00e3o operada por Cristo. A celebra\u00e7\u00e3o dos acontecimentos da Salva\u00e7\u00e3o \u00e9 atualizada, tornada presente na vida atual dos crentes.<br \/> No Ano Lit\u00fargico, a cada Natal \u00e9 Cristo que nasce no meio das fam\u00edlias humanas, \u00e9 Cristo que sofre e morre na cruz na Semana Santa, \u00e9 Cristo que ressuscita na P\u00e1scoa, \u00e9 Cristo que derrama o Esp\u00edrito Santo sobre a Igreja no dia de Pentecostes. De forma que, ao fazermos mem\u00f3ria das atitudes e dos fatos ocorridos no passado, essas mesmas atitudes e fatos tornam-se presentes e atuantes hoje, no aqui e agora da vida.<br \/> O Ano Civil ocidental come\u00e7a em 1\u00ba de Janeiro e termina em 31 de Dezembro. J\u00e1 o Ano Lit\u00fargico come\u00e7a no 1\u00ba Domingo do Advento (cerca de quatro semanas antes do Natal) e termina no s\u00e1bado anterior a ele. Podemos perceber, tamb\u00e9m, que o Ano Lit\u00fargico est\u00e1 dividido em \u201cTempos Lit\u00fargicos\u201d. O Ano Lit\u00fargico da Igreja \u00e9 assim dividido: Advento, Tempo do Natal, Tempo Comum (1), Tempo Quaresmal, Tempo Pascal e Tempo Comum (2). Al\u00e9m dos tempos, que t\u00eam caracter\u00edsticas pr\u00f3prias (Advento, Natal, Quaresma e P\u00e1scoa), restam no ciclo anual trinta e tr\u00eas ou trinta e quatro semanas nas quais s\u00e3o celebrados, na sua globalidade, os Mist\u00e9rios de Cristo, que chamamos Tempo Comum durante o ano.<br \/> Com a semana que segue \u00e0 Festa do Batismo de Jesus, inicia-se o chamado Tempo Comum do ano lit\u00fargico. O Tempo Comum celebra o \u201cmist\u00e9rio\u201d, na sua globalidade. Realiza isso pela constante refer\u00eancia \u00e0 P\u00e1scoa, que caracteriza os domingos, assim acompanhando e orientando o caminho pascal do povo de Deus, no seguimento de Jesus, rumo ao cumprimento da hist\u00f3ria.<br \/> O Tempo Comum pode nos levar a refletir sobre a espiritualidade desse tempo do ano e sobre o sentido do tempo como dom de Deus. Chama-se \u201ctempo comum\u201d para distinguir dos demais momentos. No Ano Lit\u00fargico, como em nossa vida, existem tempos fortes de festa e tempos ordin\u00e1rios, comuns.<br \/> Mas, como fazer com que no Tempo Comum n\u00e3o caiamos em tempo de rotina? Primeiramente, devemos alimentar nossa vida naquela fonte rica dos tempos fortes que celebramos. Cristo quer encarnar-se cada dia atrav\u00e9s dos tempos.<br \/> Outra maneira de valorizar e superar a rotina do Tempo Comum \u00e9 encontrar o extraordin\u00e1rio no comum. Como no Ano Lit\u00fargico, em nossa vida nem sempre existem grandes acontecimentos. Importa aproveitarmos as menores coisas para a\u00ed detectarmos as coisas grandes, as realidades permanentes e eternas. Iluminados e fortificados pelo Esp\u00edrito, podemos viver, na monotonia e na rotina do dia-a-dia, o mist\u00e9rio pascal de morte e vida. As grandes coisas que propusemos ser\u00e3o coisas grandes quando feitas com amor. <br \/> Atualmente, esse tempo na liturgia \u00e9 dividido em 3 anos, com suas leituras pr\u00f3prias. Neste ano, ano \u201cC\u201d, o evangelho dominical \u00e9 principalmente o de S\u00e3o Lucas.<br \/> O Tempo Comum nos leva a valorizar o tempo que Deus nos concede. Os grandes e os pequenos acontecimentos s\u00e3o percebidos no tempo e, por outro lado, os acontecimentos nos fazem perceber o tempo. O Tempo Comum nos convida a entrar no mist\u00e9rio das grandes pequenas coisas. \u00c9 f\u00e1cil deixar-se inebriar pelas grandes festas que costumam deixar uma gota de amargor. Dif\u00edcil \u00e9 fazer com que as pequenas coisas e pequenos acontecimentos se tornem eloquentes. O raiar do dia ser\u00e1 cada novo dia se vivermos o seu significado, se for um encontro com o sol da vida, Jesus Cristo. O trabalho mais despretensioso e oculto ser\u00e1 um evocar a maravilhosa capacidade do homem de dominar a terra, participando do poder criador do pr\u00f3prio Deus.<br \/> Que o Tempo Comum na experi\u00eancia semanal da P\u00e1scoa pela celebra\u00e7\u00e3o do Domingo nos proporcione mais tempo para a reflex\u00e3o sobre as coisas mais ordin\u00e1rias do dia-a-dia, levando-nos a descobrir e a viver os acontecimentos antes de tudo em n\u00f3s mesmos. O Tempo Comum nos far\u00e1 compreender que nossa vida espiritual \u00e9 um processo lento e gradual.<\/p>\n","protected":false},"excerpt":{"rendered":"<p>Na liturgia, celebramos a vida de Cristo desde as promessas do Messias: sua Encarna\u00e7\u00e3o no seio da Virgem Maria, passando pelo seu Nascimento, Paix\u00e3o, Morte, Ressurrei\u00e7\u00e3o at\u00e9 a sua Ascens\u00e3o e a vinda do Esp\u00edrito Santo. Mas enquanto civilmente se comemoram fatos passados que aconteceram uma vez e n\u00e3o acontecer\u00e3o mais, (embora muitos desses fatos [&hellip;]<\/p>\n","protected":false},"author":5,"featured_media":0,"comment_status":"open","ping_status":"open","sticky":false,"template":"","format":"standard","meta":{"footnotes":""},"categories":[9],"tags":[],"class_list":["post-12880","post","type-post","status-publish","format-standard","hentry","category-artigos"],"_links":{"self":[{"href":"https:\/\/catolicanet.net\/wp-cnet\/wp-json\/wp\/v2\/posts\/12880","targetHints":{"allow":["GET"]}}],"collection":[{"href":"https:\/\/catolicanet.net\/wp-cnet\/wp-json\/wp\/v2\/posts"}],"about":[{"href":"https:\/\/catolicanet.net\/wp-cnet\/wp-json\/wp\/v2\/types\/post"}],"author":[{"embeddable":true,"href":"https:\/\/catolicanet.net\/wp-cnet\/wp-json\/wp\/v2\/users\/5"}],"replies":[{"embeddable":true,"href":"https:\/\/catolicanet.net\/wp-cnet\/wp-json\/wp\/v2\/comments?post=12880"}],"version-history":[{"count":1,"href":"https:\/\/catolicanet.net\/wp-cnet\/wp-json\/wp\/v2\/posts\/12880\/revisions"}],"predecessor-version":[{"id":21764,"href":"https:\/\/catolicanet.net\/wp-cnet\/wp-json\/wp\/v2\/posts\/12880\/revisions\/21764"}],"wp:attachment":[{"href":"https:\/\/catolicanet.net\/wp-cnet\/wp-json\/wp\/v2\/media?parent=12880"}],"wp:term":[{"taxonomy":"category","embeddable":true,"href":"https:\/\/catolicanet.net\/wp-cnet\/wp-json\/wp\/v2\/categories?post=12880"},{"taxonomy":"post_tag","embeddable":true,"href":"https:\/\/catolicanet.net\/wp-cnet\/wp-json\/wp\/v2\/tags?post=12880"}],"curies":[{"name":"wp","href":"https:\/\/api.w.org\/{rel}","templated":true}]}}