{"id":1288,"date":"2023-03-25T00:00:46","date_gmt":"2023-03-25T03:00:46","guid":{"rendered":"http:\/\/catolicanet.net\/wp-cnet\/?p=1288"},"modified":"2023-01-02T18:49:13","modified_gmt":"2023-01-02T21:49:13","slug":"anunciacao-do-anjo-a-virgem-maria","status":"publish","type":"post","link":"https:\/\/catolicanet.net\/wp-cnet\/anunciacao-do-anjo-a-virgem-maria\/","title":{"rendered":"Anuncia\u00e7\u00e3o do Anjo \u00e0 Virgem Maria \/ S\u00e3o Dimas \/ Santo Ir\u00eaneo"},"content":{"rendered":"<p style=\"text-align: justify;\">A visita do Arcanjo Gabriel \u00e0 Virgem Maria, quando esta se encontrava em Nazar\u00e9, cidade da Galil\u00e9ia, marca o in\u00edcio de toda uma trajet\u00f3ria que cumpriria as profecias do Velho Testamento e daria ao mundo um novo caminho, trazendo \u00e0 luz a Boa Nova. Ali nasceu tamb\u00e9m a ora\u00e7\u00e3o que a partir daquele instante estaria para sempre na boca e no cora\u00e7\u00e3o de todos os cat\u00f3licos: a Ave Maria.<\/p>\n<p>Maria era uma jovem simples, noiva de Jos\u00e9, um carpinteiro descendente direto da linhagem da casa de Davi. A cerim\u00f4nia do matrim\u00f4nio daquele tempo, entretanto, estabelecia que os noivos s\u00f3 teriam o contato carnal da consuma\u00e7\u00e3o depois de um ano das n\u00fapcias. Maria, portanto, era virgem.<\/p>\n<p>Maria perturbou-se ao receber do anjo o aviso que fora escolhida para dar a luz ao Filho de Deus, a quem deveria dar o nome de Jesus, e que Ele era enviado para salvar a Humanidade e cujo Reino seria eterno. Sim porque Deus, que na origem do Mundo Criou todas as coisas com sua Palavra, desta vez escolheu depender da palavra de um fr\u00e1gil ser humana, a Virgem Maria, para poder realizar a Encarna\u00e7\u00e3o do Redentor da Humanidade.<\/p>\n<p>Ela aceitou sua parte na miss\u00e3o que lhe fora solicitada, demonstrando toda confian\u00e7a em Deus e em Seus des\u00edgnios, para o cumprimento dessa profecia e mostrou porque foi ela a escolhida para ser Instrumento Divino nos acontecimentos que iriam mudar o destino da Humanidade.<\/p>\n<p>Ao perguntar como poderia ficar gr\u00e1vida, se n\u00e3o conhecia homem algum e receber de Gabriel a explica\u00e7\u00e3o de que seria fecundada pelo Esp\u00edrito Santo, por gra\u00e7as do Criador, sua resposta foi t\u00e3o simples como sua vida e sua f\u00e9: &#8220;Sou a serva do Senhor. Fa\u00e7a-se segundo a Sua vontade&#8221;.<\/p>\n<p>Com esta resposta, pelo seu consentimento, Maria aceitou a dignidade e a honra da maternidade divina, mas ao mesmo tempo tamb\u00e9m os sofrimentos, os sacrif\u00edcios que a ela estavam ligados. Declarou-se pronta a cumprir a vontade de Deus em tudo como sua serva. Era como um voto de v\u00edtima e de abandono. Esta disposi\u00e7\u00e3o \u00e9 a mais perfeita, \u00e9 a fonte dos maiores m\u00e9ritos e das melhores gra\u00e7as. O momento da Anuncia\u00e7\u00e3o, onde se d\u00e1 a cria\u00e7\u00e3o, na pessoa de Maria como a M\u00e3e de Deus, que acolhe a divindade em si mesma, cont\u00e9m em si toda a eternidade e, nesta, toda a plenitude dos tempos.<\/p>\n<p>Por isso a data de hoje marca e festeja este evento que se trata de um dos mist\u00e9rios mais sublimes e importantes da Hist\u00f3ria do homem na Terra: a chegada do Messias, profetizada s\u00e9culos antes no Antigo Testamento. Epis\u00f3dio que est\u00e1 narrado em v\u00e1rias passagens importantes do Novo Testamento.<\/p>\n<p>A festa da Anuncia\u00e7\u00e3o do Anjo \u00e0 Virgem Maria, Lc 1,26-38, \u00e9 comemorada desde o S\u00e9culo V, no Oriente e a partir do S\u00e9culo VI, no Ocidente, nove meses antes do Natal, s\u00f3 \u00e9 transferida quando coincide com a Semana Santa.<\/p>\n<p>Virgem Maria, rogai por n\u00f3s!<\/p>\n<p>_____________________________________________________________________<\/p>\n<div class=\"node_titulo\">\n<h4 style=\"text-align: justify;\">Santo Ir\u00eaneo de S\u00edrmium<\/h4>\n<p style=\"text-align: justify;\"><img decoding=\"async\" class=\"alignleft\" src=\"http:\/\/www.arquisp.org.br\/sites\/default\/files\/santo\/foto\/03-25-santo-ireneo-de-sirmium.jpg\" alt=\"Santo Ir\u00eaneo de S\u00edrmium\" \/><\/p>\n<p style=\"text-align: justify;\">Ir\u00eaneo foi martirizado no s\u00e9culo IV, sob a persegui\u00e7\u00e3o sangrenta e implac\u00e1vel do imperador Diocleciano. Era bispo de S\u00edrmium, na Pan\u00f4nia. Atualmente Mitrovica, na Hungria. N\u00e3o h\u00e1 muitos dados sobre sua vida, at\u00e9 ser condenado por ser crist\u00e3o e levado \u00e0 presen\u00e7a do governador da Hungria, Probo. Fora casado, mas ao assumir o sacerd\u00f3cio se tornou celibat\u00e1rio, como era necess\u00e1rio naqueles tempos.<\/p>\n<p>Al\u00e9m destas informa\u00e7\u00f5es, temos sobre ele o relato do processo e do seu julgamento. Probo, o pr\u00f3prio governador que o interrogou, n\u00e3o se conformava com o fato de o bispo n\u00e3o exprimir vontade alguma de salvar sua vida, sacrificando aos deuses pag\u00e3os, como dizia o decreto do imperador romano. Assim, fez de tudo para que ele mudasse de id\u00e9ia. Depois que Ir\u00eaneo se recusou ao sacrif\u00edcio ordenado, foi amarrado a um cavalete e torturado. Como nem ao menos reclamasse, Probo mandou buscar todos os membros de sua fam\u00edlia. Vieram m\u00e3e, esposa e filhos e todos passaram a chorar por ele, ao redor do instrumento de tortura, pedindo que ele abrisse m\u00e3o de sua condi\u00e7\u00e3o de crist\u00e3o. Igualmente, de nada adiantou. N\u00e3o renegou a f\u00e9 em Cristo.<\/p>\n<p>Ir\u00eaneo foi levado ent\u00e3o de volta ao c\u00e1rcere, onde durante dias permaneceu sendo espancado continuamente. Mais uma vez levado \u00e0 presen\u00e7a do governador, o bispo novamente se negou a obedecer \u00e0s ordens do imperador. Probo mandou ent\u00e3o que ele fosse jogado no rio. S\u00f3 ent\u00e3o o bispo Ir\u00eaneo reclamou: n\u00e3o admitia que tivessem d\u00f3 dele por ser crist\u00e3o, j\u00e1 que n\u00e3o tiveram do Cristo. Exigia ser passado a fio de espada. Irado com a insol\u00eancia do religioso, Probo mandou ent\u00e3o que fosse decapitado. Era o dia 25 de mar\u00e7o de 304.<\/p>\n<p>A Igreja celebra a festa lit\u00fargica de Ir\u00eaneo de S\u00edrmium, no dia de sua morte.<\/p>\n<p>Santo\u00a0Ir\u00eaneo de S\u00edrmium, rogai por n\u00f3s!<\/p>\n<p>_____________________________________________________________________<\/p>\n<div class=\"node_titulo\">\n<h4 style=\"text-align: justify;\">S\u00e3o Dimas<\/h4>\n<p style=\"text-align: justify;\"><img decoding=\"async\" class=\"alignleft\" src=\"http:\/\/www.arquisp.org.br\/sites\/default\/files\/santo\/foto\/03-25-sao-dimas.jpg\" alt=\"S\u00e3o Dimas\" \/><\/p>\n<p style=\"text-align: justify;\">O Evangelho fala pouco deste Santo. Nem mesmo o nome, os evangelistas fixaram. O que sabemos foi trazido pela tradi\u00e7\u00e3o que s\u00e3o os nomes: Dimas, o Bom Ladr\u00e3o e Simas, o mau ladr\u00e3o.<\/p>\n<p>Sem d\u00favida alguma, se trata de um santo original, \u00fanico, privilegiado, que mereceu a honra de ser canonizado em vida por Jesus Cristo, na hora solene de nossa Reden\u00e7\u00e3o. Os outros santos s\u00f3 foram solenemente reconhecidos, no outro mil\u00eanio, a partir do ano 999. A Igreja comemorava os m\u00e1rtires e confessores, mas sem uma declara\u00e7\u00e3o oficial e formal. Enquanto que, a de S\u00e3o Dimas quem proclamou foi o pr\u00f3prio Fundador da Igreja.<\/p>\n<p>Dimas foi o oper\u00e1rio da \u00faltima hora, o que nos fez ver o mist\u00e9rio da gra\u00e7a derradeira. O mau ladr\u00e3o resistiu, explodiu em blasf\u00eamias. Rejeitou a gra\u00e7a, visivelmente dada pelo Redentor. O Bom Ladr\u00e3o, depois de vacilar (Mt 27,44 -Mc 15,32), confessou a pr\u00f3pria culpa, reclamou da injusti\u00e7a contra Aquele que s\u00f3 fez o bem, reconheceu-O como Rei e lhe pediu que se lembrasse dele, quando estivesse no seu Reino.<\/p>\n<p>Segundo a tradi\u00e7\u00e3o, Dimas n\u00e3o era judeu, mas sim eg\u00edpcio de nascimento. Dimas e Simas praticavam o banditismo nos desertos de passagem para o Egito. L\u00e1 a Sagrada Fam\u00edlia, que fugia da persegui\u00e7\u00e3o do rei Herodes, foi assaltada por dois ladr\u00f5es e um deles a protegeu. Era Dimas. Naquela \u00e9poca, entre os bandidos havia o costume de nunca roubar, nem matar, crian\u00e7as, velhos e mulheres. Assim, Dimas deu abrigo ao Menino Jesus protegendo a Virgem Maria e S\u00e3o Jos\u00e9.<\/p>\n<p>Dimas foi um bandido muito perigoso da Palestina. E isso, realmente pode ser afirmado pelo supl\u00edcio da cruz que mereceu. Essa condena\u00e7\u00e3o horr\u00edvel era reservada somente aos grandes criminosos e aos escravos.<\/p>\n<p>O Martirol\u00f3gio Romano diz apenas no dia 25 de Mar\u00e7o: &#8220;Em Jerusal\u00e9m comemora\u00e7\u00e3o do Bom Ladr\u00e3o que na cruz professou a f\u00e9 de Jesus Cristo&#8221;. E no mundo todo S\u00e3o Dimas passou a ser festejado neste dia.<\/p>\n<p>O Bom Ladr\u00e3o ou S\u00e3o Dimas foi o primeiro que entrou no c\u00e9u: &#8220;Ainda hoje estar\u00e1s comigo no Para\u00edso&#8221;. (Lc 23,43). Ele passou a ser popularmente considerado o &#8220;Padroeiro dos pecadores arrependidos da hora derradeira, dos agonizantes, da boa morte&#8221;. Morreu sacramentado pela absolvi\u00e7\u00e3o do pr\u00f3prio Cristo, e por Ele conduzido ao Para\u00edso.<\/p>\n<p>S\u00e3o Dimas, rogai por n\u00f3s!<\/p>\n<div class=\"box-corpo\">\n<div class=\"corpo com_coluna-esquerda\">\n<div id=\"main-content\">\n<div id=\"content\">\n<div class=\"region region-content\">\n<div id=\"block-block-48\" class=\"block block-block\">\n<div class=\"content\">\n<p style=\"text-align: justify;\">*Fonte: Pia Sociedade Filhas de S\u00e3o Paulo Paulinas\u00a0<a href=\"http:\/\/www.paulinas.org.br\/\" target=\"_blank\" rel=\"noopener noreferrer\">http:\/\/www.paulinas.org.br<\/a><\/p>\n<\/div>\n<\/div>\n<\/div>\n<\/div>\n<\/div>\n<\/div>\n<\/div>\n<\/div>\n<\/div>\n","protected":false},"excerpt":{"rendered":"<p>A visita do Arcanjo Gabriel \u00e0 Virgem Maria, quando esta se encontrava em Nazar\u00e9, cidade da Galil\u00e9ia, marca o in\u00edcio de toda uma trajet\u00f3ria que cumpriria as profecias do Velho Testamento e daria ao mundo um novo caminho, trazendo \u00e0 luz a Boa Nova. Ali nasceu tamb\u00e9m a ora\u00e7\u00e3o que a partir daquele instante estaria [&hellip;]<\/p>\n","protected":false},"author":1,"featured_media":1289,"comment_status":"open","ping_status":"open","sticky":false,"template":"","format":"standard","meta":{"footnotes":""},"categories":[32],"tags":[],"class_list":["post-1288","post","type-post","status-publish","format-standard","has-post-thumbnail","hentry","category-santo-do-dia"],"_links":{"self":[{"href":"https:\/\/catolicanet.net\/wp-cnet\/wp-json\/wp\/v2\/posts\/1288","targetHints":{"allow":["GET"]}}],"collection":[{"href":"https:\/\/catolicanet.net\/wp-cnet\/wp-json\/wp\/v2\/posts"}],"about":[{"href":"https:\/\/catolicanet.net\/wp-cnet\/wp-json\/wp\/v2\/types\/post"}],"author":[{"embeddable":true,"href":"https:\/\/catolicanet.net\/wp-cnet\/wp-json\/wp\/v2\/users\/1"}],"replies":[{"embeddable":true,"href":"https:\/\/catolicanet.net\/wp-cnet\/wp-json\/wp\/v2\/comments?post=1288"}],"version-history":[{"count":3,"href":"https:\/\/catolicanet.net\/wp-cnet\/wp-json\/wp\/v2\/posts\/1288\/revisions"}],"predecessor-version":[{"id":22173,"href":"https:\/\/catolicanet.net\/wp-cnet\/wp-json\/wp\/v2\/posts\/1288\/revisions\/22173"}],"wp:featuredmedia":[{"embeddable":true,"href":"https:\/\/catolicanet.net\/wp-cnet\/wp-json\/wp\/v2\/media\/1289"}],"wp:attachment":[{"href":"https:\/\/catolicanet.net\/wp-cnet\/wp-json\/wp\/v2\/media?parent=1288"}],"wp:term":[{"taxonomy":"category","embeddable":true,"href":"https:\/\/catolicanet.net\/wp-cnet\/wp-json\/wp\/v2\/categories?post=1288"},{"taxonomy":"post_tag","embeddable":true,"href":"https:\/\/catolicanet.net\/wp-cnet\/wp-json\/wp\/v2\/tags?post=1288"}],"curies":[{"name":"wp","href":"https:\/\/api.w.org\/{rel}","templated":true}]}}