{"id":12877,"date":"2016-01-07T14:05:44","date_gmt":"2016-01-07T16:05:44","guid":{"rendered":"http:\/\/catolicanet.net\/wp-cnet\/2016\/01\/07\/etiopia-seca-ameaca-102-mi-de-pessoas-afirmam-bispos\/"},"modified":"2017-06-02T10:31:21","modified_gmt":"2017-06-02T13:31:21","slug":"etiopia-seca-ameaca-102-mi-de-pessoas-afirmam-bispos","status":"publish","type":"post","link":"https:\/\/catolicanet.net\/wp-cnet\/etiopia-seca-ameaca-102-mi-de-pessoas-afirmam-bispos\/","title":{"rendered":"Eti\u00f3pia: seca amea\u00e7a 10,2 mi de pessoas, afirmam bispos"},"content":{"rendered":"<p style=\"text-align: justify;\"><img decoding=\"async\" src=\"http:\/\/catolicanet.com.br\/images\/stories\/geral\/afp1209049_articolo.jpg\" border=\"0\" align=\"left\" \/>Mais de 10,2 milh\u00f5es de pessoas est\u00e3o amea\u00e7adas pela fome devido \u00e0 grave seca que a atinge a Eti\u00f3pia, alertaram os bispos ao final da 38\u00aa Assembleia da Confer\u00eancia Episcopal local. No documento, eles fazem um apelo para que \u00f3rg\u00e3o cat\u00f3licos, ONGs e \u201cpessoas de boa vontade\u201d se unam para enfrentar a situa\u00e7\u00e3o emergencial e para ajudar as pessoas expostas a esse risco. \u201cA seca \u2013 pontuaram os bispos \u2013 est\u00e1 tendo graves consequ\u00eancias sobre a vida da popula\u00e7\u00e3o.\u201d<\/p>\n<p>Mudan\u00e7as clim\u00e1ticas<\/p>\n<p>Os prelados tamb\u00e9m refor\u00e7aram que a seca \u201c\u00e9 uma consequ\u00eancia direta das mudan\u00e7as clim\u00e1ticas e da degrada\u00e7\u00e3o ambiental\u201d, e criou \u201cuma situa\u00e7\u00e3o de emerg\u00eancia nunca antes presenciada no pa\u00eds\u201d.<\/p>\n<p>Os bispos aproveitaram para citar a enc\u00edclica do Papa Francisco \u201cLaudato si\u201d, sobre o cuidado da casa comum. \u201cMuitos pobres vivem em lugares particularmente afetados por fen\u00f4menos relacionados com o aquecimento, e os seus meios de subsist\u00eancia dependem fortemente das reservas naturais e dos chamados servi\u00e7os do ecossistema como a agricultura, a pesca e os recursos florestais\u201d (n.25).<\/p>\n<p>Segundo eles, s\u00e3o precisos US$ 1,4 bilh\u00e3o para responder \u00e0 atual crise humanit\u00e1ria.<\/p>\n<p>Al\u00e9m disso, o documento elaborado pelos prelados destaca os esfor\u00e7os que t\u00eam sido realizados pelas organiza\u00e7\u00f5es governamentais e humanit\u00e1rias \u201ccomprometidos \u00e0 salvar a vida da popula\u00e7\u00e3o que vive em \u00e1reas afetadas pela seca\u201d. Os bispos tamb\u00e9m se comprometeram a \u201cfazer sua parte na tentativa de que projetos cheguem \u00e0s comunidades mais vulner\u00e1veis\u201d, inclusive pelo recente apelo lan\u00e7ado pela Caritas Internacional para levantar recursos destinados \u00e0 Eti\u00f3pia.<\/p>\n<p>Fam\u00edlias em risco<\/p>\n<p>As fam\u00edlias s\u00e3o outra preocupa\u00e7\u00e3o ressaltada pelos bispos. Os prelados afirmaram que a seca tem obrigado fam\u00edlias a migrarem para outras regi\u00f5es, provocando \u201cuma grande incerteza sobre o seus futuros e de seus filhos\u201d.<\/p>\n<p>O documento ainda faz um apelo a todos os envolvidos \u2013 igreja, governo e institui\u00e7\u00f5es privadas \u2013 para \u201dpreencher as lacunas dessa emerg\u00eancia humanit\u00e1ria, fornecendo \u00e0 popula\u00e7\u00e3o n\u00e3o s\u00f3 alimentos, mas tamb\u00e9m cuidados m\u00e9dicos, controle de doen\u00e7as e ainda a capacidade de cria\u00e7\u00e3o animal\u201d.<\/p>\n<p>Ajuda financeira<\/p>\n<p>A Funda\u00e7\u00e3o Pontif\u00edcia Ajuda \u00e0 Igreja que Sofre foi uma das primeiras a responder ao apelo dos bispos et\u00edopes. A entidade contribui com 460 mil euros em favor de 13 Dioceses da Eti\u00f3pia. A doa\u00e7\u00e3o deve ajudar 1.415 fam\u00edlias ao longo deste ano.<\/p>\n<p>Segundo o vice-secret\u00e1rio geral da Confer\u00eancia Episcopal da Eti\u00f3pia, o padre Haile Gabriel Meleku, a situa\u00e7\u00e3o da regi\u00e3o tem piorado rapidamente. \u201cHoje s\u00e3o dois milh\u00f5es de pessoas a mais em risco do que apenas um m\u00eas atr\u00e1s. E o n\u00famero pode ser muito maior do que pensamos\u201d, destacou.<\/p>\n<p>Meleku lembrou ainda que a crise gera consequ\u00eancias mais graves \u00e0 regi\u00e3o, como conflitos entre a popula\u00e7\u00e3o devido \u00e0 migra\u00e7\u00e3o. &#8220;A cat\u00e1strofe \u00e9 sentida em todos os lugares. A Igreja tamb\u00e9m sofre os efeitos dram\u00e1ticos porque muitos fi\u00e9is j\u00e1 n\u00e3o t\u00eam a for\u00e7a para participar das celebra\u00e7\u00f5es\u201d, afirmou.<\/p>\n<p style=\"text-align: justify;\">Fonte: R\u00e1dio Vaticano<\/p>\n","protected":false},"excerpt":{"rendered":"<p>Mais de 10,2 milh\u00f5es de pessoas est\u00e3o amea\u00e7adas pela fome devido \u00e0 grave seca que a atinge a Eti\u00f3pia, alertaram os bispos ao final da 38\u00aa Assembleia da Confer\u00eancia Episcopal local. No documento, eles fazem um apelo para que \u00f3rg\u00e3o cat\u00f3licos, ONGs e \u201cpessoas de boa vontade\u201d se unam para enfrentar a situa\u00e7\u00e3o emergencial e [&hellip;]<\/p>\n","protected":false},"author":1,"featured_media":0,"comment_status":"open","ping_status":"open","sticky":false,"template":"","format":"standard","meta":{"footnotes":""},"categories":[3],"tags":[],"class_list":["post-12877","post","type-post","status-publish","format-standard","hentry","category-vaticano"],"_links":{"self":[{"href":"https:\/\/catolicanet.net\/wp-cnet\/wp-json\/wp\/v2\/posts\/12877","targetHints":{"allow":["GET"]}}],"collection":[{"href":"https:\/\/catolicanet.net\/wp-cnet\/wp-json\/wp\/v2\/posts"}],"about":[{"href":"https:\/\/catolicanet.net\/wp-cnet\/wp-json\/wp\/v2\/types\/post"}],"author":[{"embeddable":true,"href":"https:\/\/catolicanet.net\/wp-cnet\/wp-json\/wp\/v2\/users\/1"}],"replies":[{"embeddable":true,"href":"https:\/\/catolicanet.net\/wp-cnet\/wp-json\/wp\/v2\/comments?post=12877"}],"version-history":[{"count":1,"href":"https:\/\/catolicanet.net\/wp-cnet\/wp-json\/wp\/v2\/posts\/12877\/revisions"}],"predecessor-version":[{"id":27934,"href":"https:\/\/catolicanet.net\/wp-cnet\/wp-json\/wp\/v2\/posts\/12877\/revisions\/27934"}],"wp:attachment":[{"href":"https:\/\/catolicanet.net\/wp-cnet\/wp-json\/wp\/v2\/media?parent=12877"}],"wp:term":[{"taxonomy":"category","embeddable":true,"href":"https:\/\/catolicanet.net\/wp-cnet\/wp-json\/wp\/v2\/categories?post=12877"},{"taxonomy":"post_tag","embeddable":true,"href":"https:\/\/catolicanet.net\/wp-cnet\/wp-json\/wp\/v2\/tags?post=12877"}],"curies":[{"name":"wp","href":"https:\/\/api.w.org\/{rel}","templated":true}]}}