{"id":12873,"date":"2016-01-07T13:32:01","date_gmt":"2016-01-07T15:32:01","guid":{"rendered":"http:\/\/catolicanet.net\/wp-cnet\/2016\/01\/07\/a-igreja-lutando-contra-a-prostituicao-em-roma-elas-recusam-clientes-para-rezar-junto-conosco\/"},"modified":"2017-05-31T13:28:36","modified_gmt":"2017-05-31T16:28:36","slug":"a-igreja-lutando-contra-a-prostituicao-em-roma-elas-recusam-clientes-para-rezar-junto-conosco","status":"publish","type":"post","link":"https:\/\/catolicanet.net\/wp-cnet\/a-igreja-lutando-contra-a-prostituicao-em-roma-elas-recusam-clientes-para-rezar-junto-conosco\/","title":{"rendered":"A Igreja lutando contra a prostitui\u00e7\u00e3o em Roma: \u201cElas recusam clientes para rezar junto conosco\u201d"},"content":{"rendered":"<p style=\"text-align: justify;\"><img decoding=\"async\" src=\"http:\/\/catolicanet.com.br\/images\/stories\/geral\/prostituta.jpg\" border=\"0\" align=\"left\" \/>Volunt\u00e1rios de uma par\u00f3quia conversam e rezam com prostitutas na hist\u00f3rica Via Sal\u00e1ria, dando exemplo de uma Igreja ao resgate da f\u00e9 e da dignidade das mulheres<\/p>\n<p>Desde 1996, a par\u00f3quia de S\u00e3o Frum\u00eancio, na regi\u00e3o romana de Serpentara, presta aux\u00edlio a jovens prostitutas eslavas e africanas for\u00e7adas a \u201cpagar sua d\u00edvida\u201d com os traficantes de seres humanos que atuam no mundo inteiro. A unidade m\u00f3vel da par\u00f3quia, uma das poucas existentes em Roma, tamb\u00e9m realiza encontros em escolas para explicar \u00e0s crian\u00e7as a import\u00e2ncia de rejeitar a mercantiliza\u00e7\u00e3o do corpo (Redattore Sociale, 3 de janeiro).<\/p>\n<p>REENCONTRANDO A DIGNIDADE<\/p>\n<p>As cinquenta prostitutas da hist\u00f3rica Via Sal\u00e1ria t\u00eam de 18 a 30 anos \u2013 mas s\u00e3o muito fortes as suspeitas de que algumas, na realidade, sejam menores de idade. A unidade m\u00f3vel de S\u00e3o Frum\u00eancio, coordenada pelo pe. Giampiero, tem o objetivo de passar \u00e0s jovens uma mensagem de esperan\u00e7a e estabelecer com elas uma rela\u00e7\u00e3o humana. \u201cQueremos expressar uma solidariedade que n\u00e3o \u00e9 pietista ou de mera consola\u00e7\u00e3o. Colocamos em primeiro lugar o encontro com cada uma delas e a possibilidade de estabelecer uma rela\u00e7\u00e3o cada vez mais profunda ao longo do tempo. Isto significa, tamb\u00e9m, acreditar na possibilidade de despertar nelas o pr\u00f3prio senso de dignidade, a rejei\u00e7\u00e3o \u00e0 viol\u00eancia e ao dinheiro f\u00e1cil, a coragem da den\u00fancia\u201d.<\/p>\n<p>DENUNCIANDO OS EXPLORADORES<\/p>\n<p>Os volunt\u00e1rios, que oferecem \u00e0s jovens uma bebida quente e uma conversa fraterna, v\u00e3o estabelecendo com elas v\u00ednculos solid\u00e1rios que refor\u00e7am a esperan\u00e7a de livr\u00e1-las da rua. O \u00fanico jeito de conseguir isto \u00e9 convenc\u00ea-las a denunciar os seus exploradores, o que permitiria que as jovens escravas traficadas entrassem nos programas de prote\u00e7\u00e3o e reabilita\u00e7\u00e3o social.<\/p>\n<p>REZANDO JUNTOS<\/p>\n<p>Em paralelo, a unidade m\u00f3vel da par\u00f3quia de S\u00e3o Frum\u00eancio direciona as v\u00edtimas do com\u00e9rcio da prostitui\u00e7\u00e3o a uma adequada assist\u00eancia m\u00e9dica, tamb\u00e9m oferecida por profissionais volunt\u00e1rios. E a sa\u00fade do corpo \u00e9 acompanhada por mais sa\u00fade para a alma: \u201c\u00c9 muito bonito quando elas decidem rezar conosco, inclusive recusando algum cliente que chega justamente naquele instante\u201d, explica Giorgio Carosi, respons\u00e1vel pela unidade m\u00f3vel.<\/p>\n<p>ESCRAVAS NUNCA MAIS<\/p>\n<p>Emblem\u00e1tico \u00e9 tamb\u00e9m o apostolado da irm\u00e3 Eugenia Bonetti, de 76 anos: desde mar\u00e7o de 2003, ela visita toda semana, com outras freiras, as mulheres imigrantes do Centro de Identifica\u00e7\u00e3o de Ponte Galeria, em Roma. Em 2012, ela fundou a associa\u00e7\u00e3o \u201cSlaves No More\u201d [\u201cEscravas Nunca Mais\u201d], que age contra o tr\u00e1fico de gente. \u201cVoc\u00ea pode ajudar de verdade a regenerar pessoas quando oferece a essas mulheres humilhadas e destru\u00eddas a vontade de viver, de reassumir a sua vida e o seu futuro, quando as ajuda a entender que elas s\u00e3o pessoas que valem, que n\u00e3o merecem ser tratadas como escravas\u201d (Il Tempo, 8 de mar\u00e7o de 2015).<\/p>\n<p>MAIS TESTEMUNHOS<\/p>\n<p>Fora da It\u00e1lia, repetem-se iniciativas semelhantes. O pe. Jean Philippe Chauveau, de 64 anos, foi p\u00e1roco at\u00e9 poucos meses atr\u00e1s na regi\u00e3o do Bois de Boulogne, em Paris, famoso reduto de prostitui\u00e7\u00e3o de rua. \u201cO que importa \u00e9 a rela\u00e7\u00e3o humana que voc\u00ea estabelece com uma prostituta, baseada no esp\u00edrito de miseric\u00f3rdia, de ternura, de bondade\u201d, conta o padre Jean, que, desde 1982, quando foi ordenado, se dedicou ao resgate de mulheres submetidas \u00e0 prostitui\u00e7\u00e3o de rua (http:\/\/www.gdp.ch, 15 de novembro de 2015).<\/p>\n<p style=\"text-align: justify;\">Fonte: Aleteia<\/p>\n","protected":false},"excerpt":{"rendered":"<p>Volunt\u00e1rios de uma par\u00f3quia conversam e rezam com prostitutas na hist\u00f3rica Via Sal\u00e1ria, dando exemplo de uma Igreja ao resgate da f\u00e9 e da dignidade das mulheres Desde 1996, a par\u00f3quia de S\u00e3o Frum\u00eancio, na regi\u00e3o romana de Serpentara, presta aux\u00edlio a jovens prostitutas eslavas e africanas for\u00e7adas a \u201cpagar sua d\u00edvida\u201d com os traficantes [&hellip;]<\/p>\n","protected":false},"author":1,"featured_media":0,"comment_status":"open","ping_status":"open","sticky":false,"template":"","format":"standard","meta":{"footnotes":""},"categories":[4],"tags":[],"class_list":["post-12873","post","type-post","status-publish","format-standard","hentry","category-cotidiano"],"_links":{"self":[{"href":"https:\/\/catolicanet.net\/wp-cnet\/wp-json\/wp\/v2\/posts\/12873","targetHints":{"allow":["GET"]}}],"collection":[{"href":"https:\/\/catolicanet.net\/wp-cnet\/wp-json\/wp\/v2\/posts"}],"about":[{"href":"https:\/\/catolicanet.net\/wp-cnet\/wp-json\/wp\/v2\/types\/post"}],"author":[{"embeddable":true,"href":"https:\/\/catolicanet.net\/wp-cnet\/wp-json\/wp\/v2\/users\/1"}],"replies":[{"embeddable":true,"href":"https:\/\/catolicanet.net\/wp-cnet\/wp-json\/wp\/v2\/comments?post=12873"}],"version-history":[{"count":1,"href":"https:\/\/catolicanet.net\/wp-cnet\/wp-json\/wp\/v2\/posts\/12873\/revisions"}],"predecessor-version":[{"id":26652,"href":"https:\/\/catolicanet.net\/wp-cnet\/wp-json\/wp\/v2\/posts\/12873\/revisions\/26652"}],"wp:attachment":[{"href":"https:\/\/catolicanet.net\/wp-cnet\/wp-json\/wp\/v2\/media?parent=12873"}],"wp:term":[{"taxonomy":"category","embeddable":true,"href":"https:\/\/catolicanet.net\/wp-cnet\/wp-json\/wp\/v2\/categories?post=12873"},{"taxonomy":"post_tag","embeddable":true,"href":"https:\/\/catolicanet.net\/wp-cnet\/wp-json\/wp\/v2\/tags?post=12873"}],"curies":[{"name":"wp","href":"https:\/\/api.w.org\/{rel}","templated":true}]}}