{"id":12870,"date":"2016-01-07T13:06:17","date_gmt":"2016-01-07T15:06:17","guid":{"rendered":"http:\/\/catolicanet.net\/wp-cnet\/2016\/01\/07\/papa-francisco-a-vocacao-da-igreja-nos-nossos-dias\/"},"modified":"2017-06-02T11:53:18","modified_gmt":"2017-06-02T14:53:18","slug":"papa-francisco-a-vocacao-da-igreja-nos-nossos-dias","status":"publish","type":"post","link":"https:\/\/catolicanet.net\/wp-cnet\/papa-francisco-a-vocacao-da-igreja-nos-nossos-dias\/","title":{"rendered":"Papa Francisco: a voca\u00e7\u00e3o da Igreja nos nossos dias"},"content":{"rendered":"<p style=\"text-align: justify;\"><img decoding=\"async\" src=\"http:\/\/catolicanet.com.br\/images\/stories\/geral\/ap3243228_articolo.jpg\" border=\"0\" align=\"left\" \/>Cidade do Vaticano\u00a0 \u2013 No dia em que a Igreja celebra a Solenidade da Epifania do Senhor, o Papa Francisco presidiu a Santa Missa na Bas\u00edlica de S\u00e3o Pedro, reiterando que a \u201cIgreja n\u00e3o pode iludir-se de brilhar com a luz pr\u00f3pria\u201d, \u201cmas sim com a de Cristo\u201d. A exemplo dos Reis Magos, somos chamados \u201ca sair dos nossos fechamentos, a sair de n\u00f3s mesmos, para reconhecermos o esplendor da luz que ilumina a nossa exist\u00eancia\u201d.<\/p>\n<p>\u201cCristo \u00e9 a luz verdadeira, que ilumina, disse Francisco, e a Igreja, na medida em que permanece ancorada n\u2019Ele, na medida em que se deixa iluminar por Ele, consegue iluminar a vida das pessoas e dos povos\u201d. Por isso \u2013 disse &#8211;\u00a0 \u201cos Santos Padres reconheciam, na Igreja, o \u00abmysterium lunae\u00bb\u201d, isto \u00e9, \u201c\u00e9 como a lua\u201d, que n\u00e3o brilha com a luz pr\u00f3pria. E como crist\u00e3os, \u201ctemos necessidade desta luz, que vem do Alto, para correspondermos coerentemente com a voca\u00e7\u00e3o que recebemos\u201d.<\/p>\n<p>\u201cAnunciar o Evangelho de Cristo n\u00e3o \u00e9 uma op\u00e7\u00e3o que podemos fazer entre muitas, nem \u00e9 uma profiss\u00e3o. Para a Igreja, ser mission\u00e1ria n\u00e3o significa fazer proselitismo; para a Igreja, ser mission\u00e1ria equivale a exprimir a sua pr\u00f3pria natureza: isto \u00e9, ser iluminada por Deus e refletir a sua luz. Este \u00e9 o seu servi\u00e7o. N\u00e3o h\u00e1 outra estrada. A miss\u00e3o \u00e9 a sua voca\u00e7\u00e3o: resplandecer a luz de Cristo \u00e9 o seu servi\u00e7o. Quantas pessoas esperam de n\u00f3s este servi\u00e7o mission\u00e1rio, porque precisam de Cristo, precisam conhecer o rosto do Pai\u201d.<\/p>\n<p>Francisco explicou que os Magos, de que nos fala o Evangelho de Mateus, \u201cs\u00e3o um testemunho vivo de como est\u00e3o presentes por todo lado as sementes da verdade, pois s\u00e3o dom do Criador que, a todos, chama a reconhec\u00ea-Lo como Pai bom e fiel\u201d.<\/p>\n<p>\u201cOs Magos representam as pessoas, dos quatro cantos da terra, que s\u00e3o acolhidas na casa de Deus. Na presen\u00e7a de Jesus, j\u00e1 n\u00e3o h\u00e1 qualquer divis\u00e3o de ra\u00e7a, l\u00edngua e cultura: naquele Menino, toda a humanidade encontra a sua unidade. E a Igreja tem o dever de reconhecer e fazer surgir, de forma cada vez mais clara, o desejo de Deus que cada um traz dentro de si&#8221;.<\/p>\n<p>O Papa observou, que como os Magos, ainda hoje, \u201ch\u00e1 muitas pessoas que vivem com o \u201ccora\u00e7\u00e3o inquieto\u201d, que continuam a questionar incessantemente sem encontrar respostas certas; existe a inquietude do Esp\u00edrito Santo que se move nos cora\u00e7\u00f5es. Tamb\u00e9m estas pessoas andam \u00e0 procura da estrela que indica a estrada para Bel\u00e9m\u201d:<\/p>\n<p>\u201cQuantas estrelas existem no c\u00e9u! E todavia os Magos seguiram uma diferente, uma nova, que \u2013 segundo eles \u2013 brilhava muito mais. Longamente perscrutaram o grande livro do c\u00e9u para encontrar uma resposta \u00e0s suas quest\u00f5es &#8211; tinham o cora\u00e7\u00e3o inquieto &#8211; e, finalmente, a luz aparecera. Aquela estrela mudou-os. Fez-lhes esquecer as ocupa\u00e7\u00f5es di\u00e1rias e puseram-se imediatamente a caminho. Deram ouvidos a uma voz que, no \u00edntimo, os impelia a seguir aquela luz &#8211; \u00e9 a voz do Esp\u00edrito Santo, que trabalha em todas as pessoas -; e esta guiou-os at\u00e9 encontrarem o rei dos judeus numa pobre casa de Bel\u00e9m\u201d.<\/p>\n<p>A experi\u00eancia dos Magos \u00e9 uma li\u00e7\u00e3o para n\u00f3s hoje, afirmou o Papa. \u201dSomos chamados, sobretudo num tempo como o nosso, a procurar os sinais que Deus oferece, cientes de que se requer o nosso esfor\u00e7o para os decifrar e, assim, compreender a vontade divina\u201d:<\/p>\n<p>\u201cSomos desafiados a ir a Bel\u00e9m encontrar o Menino e sua M\u00e3e. Sigamos a luz que Deus nos oferece, pequenina! O hino do brevi\u00e1rio poeticamente nos diz que os Magos &#8220;lumen requirunt lumine&#8221;, aquela pequena luz. A luz que irradia do rosto de Cristo, cheio de miseric\u00f3rdia e fidelidade. E, quando chegarmos junto d\u2019Ele, adoremo-Lo com todo o cora\u00e7\u00e3o e ofere\u00e7amos-Lhe de presente a nossa liberdade, a nossa intelig\u00eancia, o nosso amor. A verdadeira sabedoria se esconde no rosto deste Menino. \u00c9 aqui, na simplicidade de Bel\u00e9m, que a vida da Igreja encontra a sua s\u00edntese. Aqui est\u00e1 a fonte daquela luz que atrai a si toda a pessoa no mundo e orienta o caminho dos povos nas sendas da paz\u201d.<\/p>\n<p> Fonte: R\u00e1dio Vaticano<\/p>\n","protected":false},"excerpt":{"rendered":"<p>Cidade do Vaticano\u00a0 \u2013 No dia em que a Igreja celebra a Solenidade da Epifania do Senhor, o Papa Francisco presidiu a Santa Missa na Bas\u00edlica de S\u00e3o Pedro, reiterando que a \u201cIgreja n\u00e3o pode iludir-se de brilhar com a luz pr\u00f3pria\u201d, \u201cmas sim com a de Cristo\u201d. A exemplo dos Reis Magos, somos chamados [&hellip;]<\/p>\n","protected":false},"author":1,"featured_media":0,"comment_status":"open","ping_status":"open","sticky":false,"template":"","format":"standard","meta":{"footnotes":""},"categories":[3],"tags":[],"class_list":["post-12870","post","type-post","status-publish","format-standard","hentry","category-vaticano"],"_links":{"self":[{"href":"https:\/\/catolicanet.net\/wp-cnet\/wp-json\/wp\/v2\/posts\/12870","targetHints":{"allow":["GET"]}}],"collection":[{"href":"https:\/\/catolicanet.net\/wp-cnet\/wp-json\/wp\/v2\/posts"}],"about":[{"href":"https:\/\/catolicanet.net\/wp-cnet\/wp-json\/wp\/v2\/types\/post"}],"author":[{"embeddable":true,"href":"https:\/\/catolicanet.net\/wp-cnet\/wp-json\/wp\/v2\/users\/1"}],"replies":[{"embeddable":true,"href":"https:\/\/catolicanet.net\/wp-cnet\/wp-json\/wp\/v2\/comments?post=12870"}],"version-history":[{"count":1,"href":"https:\/\/catolicanet.net\/wp-cnet\/wp-json\/wp\/v2\/posts\/12870\/revisions"}],"predecessor-version":[{"id":28349,"href":"https:\/\/catolicanet.net\/wp-cnet\/wp-json\/wp\/v2\/posts\/12870\/revisions\/28349"}],"wp:attachment":[{"href":"https:\/\/catolicanet.net\/wp-cnet\/wp-json\/wp\/v2\/media?parent=12870"}],"wp:term":[{"taxonomy":"category","embeddable":true,"href":"https:\/\/catolicanet.net\/wp-cnet\/wp-json\/wp\/v2\/categories?post=12870"},{"taxonomy":"post_tag","embeddable":true,"href":"https:\/\/catolicanet.net\/wp-cnet\/wp-json\/wp\/v2\/tags?post=12870"}],"curies":[{"name":"wp","href":"https:\/\/api.w.org\/{rel}","templated":true}]}}