{"id":12863,"date":"2016-01-07T11:53:51","date_gmt":"2016-01-07T13:53:51","guid":{"rendered":"http:\/\/catolicanet.net\/wp-cnet\/2016\/01\/07\/jubileu-hospitalidade-misericordiosa-para-peregrinos-indigentes\/"},"modified":"2017-06-02T11:07:55","modified_gmt":"2017-06-02T14:07:55","slug":"jubileu-hospitalidade-misericordiosa-para-peregrinos-indigentes","status":"publish","type":"post","link":"https:\/\/catolicanet.net\/wp-cnet\/jubileu-hospitalidade-misericordiosa-para-peregrinos-indigentes\/","title":{"rendered":"Jubileu: \u201cHospitalidade misericordiosa\u201d para peregrinos indigentes"},"content":{"rendered":"<p style=\"text-align: justify;\"><img decoding=\"async\" src=\"http:\/\/catolicanet.com.br\/images\/stories\/geral\/ansa917227_articolo.jpg\" border=\"0\" align=\"left\" \/>Acolher gratuitamente durante o Ano Santo, aqueles que \u201cquerem viver a peregrina\u00e7\u00e3o jubilar ou um per\u00edodo de serenidade e de paz, mas que devido a problemas, dificuldades ou fragilidades, n\u00e3o t\u00eam possibilidades econ\u00f4micas\u201d. \u00c9 o projeto \u201cHospitalidade misericordiosa\u201d, promovido pelo site italiano www.ospitalitareligiosa.it no Jubileu da Miseric\u00f3rdia.<\/p>\n<p>Comunidades que d\u00e3o assist\u00eancia em situa\u00e7\u00f5es dif\u00edceis<\/p>\n<p>O site traz uma lista das estruturas que aderem \u00e0 iniciativa, o tipo de acomoda\u00e7\u00e3o \u00e0 disposi\u00e7\u00e3o, o tratamento (s\u00f3 noite, meia pens\u00e3o, etc.) e todas as caracter\u00edsticas da localiza\u00e7\u00e3o, al\u00e9m da ficha completa da estrutura, que j\u00e1 est\u00e1 publicada.<\/p>\n<p>As pessoas beneficiadas pela iniciativa misericordiosa (fam\u00edlias, casais e pessoas s\u00f3s) ser\u00e3o identificadas pelas par\u00f3quias, que dever\u00e3o contatar as estruturas para a disponibilidade e ser\u00e3o garantes da real situa\u00e7\u00e3o destas pessoas. Assim, ser\u00e3o envolvidas as comunidades que assistem, no territ\u00f3rio, as situa\u00e7\u00f5es mais delicadas, e que podem avali\u00e1-las. Cerca de cinquenta estruturas em 14 regi\u00f5es italianas j\u00e1 deram a sua ades\u00e3o, o que perfaz um total de 27 mil noites gratuitas durante o Ano Santo.<\/p>\n<p style=\"text-align: justify;\">Fonte: R\u00e1dio Vaticano<\/p>\n","protected":false},"excerpt":{"rendered":"<p>Acolher gratuitamente durante o Ano Santo, aqueles que \u201cquerem viver a peregrina\u00e7\u00e3o jubilar ou um per\u00edodo de serenidade e de paz, mas que devido a problemas, dificuldades ou fragilidades, n\u00e3o t\u00eam possibilidades econ\u00f4micas\u201d. \u00c9 o projeto \u201cHospitalidade misericordiosa\u201d, promovido pelo site italiano www.ospitalitareligiosa.it no Jubileu da Miseric\u00f3rdia. Comunidades que d\u00e3o assist\u00eancia em situa\u00e7\u00f5es dif\u00edceis O [&hellip;]<\/p>\n","protected":false},"author":1,"featured_media":0,"comment_status":"open","ping_status":"open","sticky":false,"template":"","format":"standard","meta":{"footnotes":""},"categories":[3],"tags":[],"class_list":["post-12863","post","type-post","status-publish","format-standard","hentry","category-vaticano"],"_links":{"self":[{"href":"https:\/\/catolicanet.net\/wp-cnet\/wp-json\/wp\/v2\/posts\/12863","targetHints":{"allow":["GET"]}}],"collection":[{"href":"https:\/\/catolicanet.net\/wp-cnet\/wp-json\/wp\/v2\/posts"}],"about":[{"href":"https:\/\/catolicanet.net\/wp-cnet\/wp-json\/wp\/v2\/types\/post"}],"author":[{"embeddable":true,"href":"https:\/\/catolicanet.net\/wp-cnet\/wp-json\/wp\/v2\/users\/1"}],"replies":[{"embeddable":true,"href":"https:\/\/catolicanet.net\/wp-cnet\/wp-json\/wp\/v2\/comments?post=12863"}],"version-history":[{"count":1,"href":"https:\/\/catolicanet.net\/wp-cnet\/wp-json\/wp\/v2\/posts\/12863\/revisions"}],"predecessor-version":[{"id":28081,"href":"https:\/\/catolicanet.net\/wp-cnet\/wp-json\/wp\/v2\/posts\/12863\/revisions\/28081"}],"wp:attachment":[{"href":"https:\/\/catolicanet.net\/wp-cnet\/wp-json\/wp\/v2\/media?parent=12863"}],"wp:term":[{"taxonomy":"category","embeddable":true,"href":"https:\/\/catolicanet.net\/wp-cnet\/wp-json\/wp\/v2\/categories?post=12863"},{"taxonomy":"post_tag","embeddable":true,"href":"https:\/\/catolicanet.net\/wp-cnet\/wp-json\/wp\/v2\/tags?post=12863"}],"curies":[{"name":"wp","href":"https:\/\/api.w.org\/{rel}","templated":true}]}}