{"id":12862,"date":"2016-01-07T11:47:44","date_gmt":"2016-01-07T13:47:44","guid":{"rendered":"http:\/\/catolicanet.net\/wp-cnet\/2016\/01\/07\/francisco-obras-de-misericordia-sao-o-coracao-da-nossa-fe\/"},"modified":"2017-06-02T10:55:11","modified_gmt":"2017-06-02T13:55:11","slug":"francisco-obras-de-misericordia-sao-o-coracao-da-nossa-fe","status":"publish","type":"post","link":"https:\/\/catolicanet.net\/wp-cnet\/francisco-obras-de-misericordia-sao-o-coracao-da-nossa-fe\/","title":{"rendered":"Francisco: obras de miseric\u00f3rdia s\u00e3o o cora\u00e7\u00e3o da nossa f\u00e9"},"content":{"rendered":"<p style=\"text-align: justify;\"><img decoding=\"async\" src=\"http:\/\/catolicanet.com.br\/images\/stories\/ossrom91806_articolo.jpg\" border=\"0\" align=\"left\" \/>As obras de miseric\u00f3rdia s\u00e3o o cora\u00e7\u00e3o da nossa f\u00e9 em Deus. Foi o que afirmou o Papa Francisco na missa da manh\u00e3 desta quinta-feira (07) na Casa Santa Marta, a primeira ap\u00f3s a pausa de Natal. Refletindo sobre a primeira Leitura, tirada da primeira Carta de S\u00e3o Jo\u00e3o Ap\u00f3stolo, o Papa adverte que devemos nos proteger da mundanidade e daqueles esp\u00edritos que nos distanciam de Deus que se fez carne por n\u00f3s.<\/p>\n<p>\u201cPermanecer em Deus\u201d.<\/p>\n<p>O Papa Francisco desenvolveu a sua homilia, movendo-se a partir desta afirma\u00e7\u00e3o de S\u00e3o Jo\u00e3o Ap\u00f3stolo na primeira leitura. \u201cPermanecer em Deus &#8211; retomou &#8211; \u00e9 um pouco o respiro da vida crist\u00e3, e o estilo\u201d. Um crist\u00e3o, disse ainda, \u201c\u00e9 aquele que permanece em Deus\u201d, que \u201ctem o Esp\u00edrito Santo e se deixa guiar por Ele\u201d. Ao mesmo tempo, lembrou Francisco, o Ap\u00f3stolo adverte sobre professar a \u201cf\u00e9 a todo esp\u00edrito\u201d. Devemos, portanto, colocar \u00e0 &#8220;prova os esp\u00edritos, testar se eles s\u00e3o realmente de Deus. E essa \u00e9 a regra cotidiana de vida que nos ensina que Jo\u00e3o\u201d.<\/p>\n<p>Mas o que isso significa \u201ctestar os esp\u00edritos\u201d. N\u00e3o se trata de \u201cfantasmas\u201d, fez quest\u00e3o de frisar o Papa: trata-se de \u201cprovar\u201d, ver \u201co que acontece em meu cora\u00e7\u00e3o\u201d, qual \u00e9 a raiz &#8220;do que eu estou sentindo agora, de onde vem? Isso \u00e9 testar para provar\u201d: se o que eu sinto vem de Deus\u201d ou vem do outro, \u201cdo anticristo\u201d.<\/p>\n<p>Discernir bem o que est\u00e1 acontecendo em nossa alma<\/p>\n<p>A mundanidade, continuou, \u00e9 precisamente \u201co esp\u00edrito que nos afasta do Esp\u00edrito de Deus que nos faz permanecer no Senhor\u201d. Qual \u00e9 ent\u00e3o o crit\u00e9rio para fazer um bom discernimento do que est\u00e1 acontecendo em minha alma\u201d?, se pergunta o Papa. O Ap\u00f3stolo Jo\u00e3o d\u00e1 apenas um: \u201ctodo esp\u00edrito que reconhece Jesus Cristo feito carne \u00e9 de Deus; e todo esp\u00edrito que n\u00e3o reconhece Jesus n\u00e3o \u00e9 de Deus\u201d:<\/p>\n<p>\u201cO crit\u00e9rio \u00e9 a Encarna\u00e7\u00e3o. Eu posso sentir tantas coisas dentro de mim, at\u00e9 mesmo coisas boas, boas ideias. Mas se essas boas ideias, esses sentimentos n\u00e3o me levam a Deus que se fez carne, n\u00e3o me levam ao pr\u00f3ximo, ao irm\u00e3o, n\u00e3o s\u00e3o de Deus. Por esta raz\u00e3o, Jo\u00e3o come\u00e7a esta passagem de sua carta dizendo: \u2018Este \u00e9 o mandamento de Deus: que creiamos no nome de seu Filho Jesus Cristo e nos amemos uns aos outros\u2019\u201d.<\/p>\n<p>As obras de miseric\u00f3rdia s\u00e3o o cora\u00e7\u00e3o da nossa f\u00e9<\/p>\n<p>Podemos fazer \u201cmuitos planos pastorais\u201d, acrescentou, imaginar novos \u201cm\u00e9todos para chegar mais perto das pessoas\u201d, mas \u201cse n\u00e3o fizermos o caminho de Deus encarnado, do Filho de Deus que se fez homem para caminhar conosco, n\u00f3s n\u00e3o estaremos na estrada do bom esp\u00edrito: \u00e9 o anticristo, \u00e9 a mundanidade, \u00e9 o esp\u00edrito do mundo\u201d:<\/p>\n<p>\u201cQuanta gente encontramos, na vida, que parece espiritual: \u2018Mas que pessoa espiritual!, pensamos. Mas nem se fala de obras de miseric\u00f3rdia. Por que? Porque as obras de miseric\u00f3rdia s\u00e3o exatamente o concreto de nossa confiss\u00e3o que o Filho de Deus se fez carne: visitar os doentes, dar comida a quem n\u00e3o tem alimento, cuidar dos \u2018descartados\u2019&#8230; Obras de miseric\u00f3rdia.. por que? Porque cada nosso irm\u00e3o, que devemos amar, \u00e9 carne de Cristo. Deus se fez carne para se identificar conosco. E aquele que sofre&#8230; \u00e9 Cristo que sofre\u201d.<\/p>\n<p>Se o esp\u00edrito vem de Deus me conduz ao servi\u00e7o aos outros<\/p>\n<p>\u201cN\u00e3o professem f\u00e9 a todo esp\u00edrito, sejam atentos! \u2013 reiterou o Papa \u2013 ponham \u00e0 prova os esp\u00edritos para testar se realmente prov\u00eam de Deus\u201d. E sublinhou que \u201co servi\u00e7o ao pr\u00f3ximo, ao irm\u00e3o e \u00e0 irm\u00e3 que precisam\u201d, \u201cprecisa tamb\u00e9m de um conselho, que precisa de meus ouvidos para ser escutado\u201d. Estes s\u00e3o \u201cos sinais de que vamos no caminho do bom esp\u00edrito, ou seja, no caminho do Verbo de Deus que se fez carne\u201d.<\/p>\n<p>\u201cPe\u00e7amos ao Senhor, hoje, a gra\u00e7a de conhecer bem o que acontece em nosso cora\u00e7\u00e3o, aquilo de que gostamos de fazer, o que nos toca mais: se \u00e9 o esp\u00edrito de Deus, que me conduz ao servi\u00e7o aos outros, ou o esp\u00edrito do mundo, que gira ao meu redor, dos meus fechamentos, dos meus ego\u00edsmos e de tantas outras coisas&#8230; Pe\u00e7amos a gra\u00e7a de conhecer o que acontece em meu cora\u00e7\u00e3o\u201d.<\/p>\n<p style=\"text-align: justify;\">Fonte: R\u00e1dio Vaticano<\/p>\n","protected":false},"excerpt":{"rendered":"<p>As obras de miseric\u00f3rdia s\u00e3o o cora\u00e7\u00e3o da nossa f\u00e9 em Deus. Foi o que afirmou o Papa Francisco na missa da manh\u00e3 desta quinta-feira (07) na Casa Santa Marta, a primeira ap\u00f3s a pausa de Natal. Refletindo sobre a primeira Leitura, tirada da primeira Carta de S\u00e3o Jo\u00e3o Ap\u00f3stolo, o Papa adverte que devemos [&hellip;]<\/p>\n","protected":false},"author":1,"featured_media":0,"comment_status":"open","ping_status":"open","sticky":false,"template":"","format":"standard","meta":{"footnotes":""},"categories":[3],"tags":[],"class_list":["post-12862","post","type-post","status-publish","format-standard","hentry","category-vaticano"],"_links":{"self":[{"href":"https:\/\/catolicanet.net\/wp-cnet\/wp-json\/wp\/v2\/posts\/12862","targetHints":{"allow":["GET"]}}],"collection":[{"href":"https:\/\/catolicanet.net\/wp-cnet\/wp-json\/wp\/v2\/posts"}],"about":[{"href":"https:\/\/catolicanet.net\/wp-cnet\/wp-json\/wp\/v2\/types\/post"}],"author":[{"embeddable":true,"href":"https:\/\/catolicanet.net\/wp-cnet\/wp-json\/wp\/v2\/users\/1"}],"replies":[{"embeddable":true,"href":"https:\/\/catolicanet.net\/wp-cnet\/wp-json\/wp\/v2\/comments?post=12862"}],"version-history":[{"count":1,"href":"https:\/\/catolicanet.net\/wp-cnet\/wp-json\/wp\/v2\/posts\/12862\/revisions"}],"predecessor-version":[{"id":28002,"href":"https:\/\/catolicanet.net\/wp-cnet\/wp-json\/wp\/v2\/posts\/12862\/revisions\/28002"}],"wp:attachment":[{"href":"https:\/\/catolicanet.net\/wp-cnet\/wp-json\/wp\/v2\/media?parent=12862"}],"wp:term":[{"taxonomy":"category","embeddable":true,"href":"https:\/\/catolicanet.net\/wp-cnet\/wp-json\/wp\/v2\/categories?post=12862"},{"taxonomy":"post_tag","embeddable":true,"href":"https:\/\/catolicanet.net\/wp-cnet\/wp-json\/wp\/v2\/tags?post=12862"}],"curies":[{"name":"wp","href":"https:\/\/api.w.org\/{rel}","templated":true}]}}