{"id":12859,"date":"2016-01-06T18:00:36","date_gmt":"2016-01-06T20:00:36","guid":{"rendered":"http:\/\/catolicanet.net\/wp-cnet\/2016\/01\/06\/africaburundi-explosoes-em-bujumbura-opositores-burundineses-ameacados-de-morte-em-nairobi-2\/"},"modified":"2017-05-31T13:44:25","modified_gmt":"2017-05-31T16:44:25","slug":"africaburundi-explosoes-em-bujumbura-opositores-burundineses-ameacados-de-morte-em-nairobi-2","status":"publish","type":"post","link":"https:\/\/catolicanet.net\/wp-cnet\/africaburundi-explosoes-em-bujumbura-opositores-burundineses-ameacados-de-morte-em-nairobi-2\/","title":{"rendered":"\u00c1FRICA\/BURUNDI &#8211; Explos\u00f5es em Bujumbura; opositores burundineses amea\u00e7ados de morte em Nair\u00f3bi"},"content":{"rendered":"<p style=\"text-align: justify;\">Bujumbura (Ag\u00eancia Fides) &#8211; Uma forte explos\u00e3o ocorreu nas proximidades de um convento cat\u00f3lico em Bujumbura, capital do Burundi. O epis\u00f3dio aconteceu ontem, 4 de janeiro. \u201cAinda n\u00e3o sabemos bem como foi\u201d, dizem \u00e0 Ag\u00eancia Fides fontes locais que preferem permanecer an\u00f4nimas. \u201cFalou-se de tiros de morteiro, mas a explos\u00e3o foi forte demais e pensamos que se trate de um explosivo lan\u00e7ado a m\u00e3o\u201d. \u201cEstamos verificando as not\u00edcias, porque as autoridades afirmam que nas recentes explos\u00f5es que atingiram a capital, morreram cerca de dez policiais, mas na realidade n\u00e3o se sabe bem o que aconteceu. O que est\u00e1 certo \u00e9 que uma mulher ficou ferida na explos\u00e3o perto do convento\u201d, dizem as fontes. O Burundi parece estar numa guerra civil com consequ\u00eancias que est\u00e3o chegando aos pa\u00edses vizinhos. \u201cAs \u00faltimas not\u00edcias divulgadas pelo r\u00e1dio informam que em Nair\u00f3bi, no Qu\u00eania, domingo, dia 3, foi morto um membro das mil\u00edcias do governo, Imbonerakure, e se sabe que os opositores do Presidente Pierre Nkurunziza que se refugiaram no Qu\u00eania foram amea\u00e7ados de morte por membros do Imbonerakure infiltrados no territ\u00f3rio queniano\u201d, afirmam as fontes.<br \/>Todas as manh\u00e3s, em Bujumbura s\u00e3o encontrados cad\u00e1veres deixados pelos \u201cesquadr\u00f5es da morte\u201d. \u201cA pol\u00edcia e as mil\u00edcias pr\u00f3ximas ao Presidente sequestram pessoas e certas vezes, pedem resgates elevados em troca de sua liberta\u00e7\u00e3o; em outros casos as matam. Tamb\u00e9m est\u00e3o em forte aumento as viol\u00eancias contra mulheres e jovens perpetradas por policiais e milicianos. Assim, a situa\u00e7\u00e3o est\u00e1 cada vez mais perigosa e preocupante\u201d, concluem as fontes da Fides.<\/p>\n<p style=\"text-align: justify;\">Fonte: Ag\u00eancia Fides<\/p>\n","protected":false},"excerpt":{"rendered":"<p>Bujumbura (Ag\u00eancia Fides) &#8211; Uma forte explos\u00e3o ocorreu nas proximidades de um convento cat\u00f3lico em Bujumbura, capital do Burundi. O epis\u00f3dio aconteceu ontem, 4 de janeiro. \u201cAinda n\u00e3o sabemos bem como foi\u201d, dizem \u00e0 Ag\u00eancia Fides fontes locais que preferem permanecer an\u00f4nimas. \u201cFalou-se de tiros de morteiro, mas a explos\u00e3o foi forte demais e pensamos [&hellip;]<\/p>\n","protected":false},"author":1,"featured_media":0,"comment_status":"open","ping_status":"open","sticky":false,"template":"","format":"standard","meta":{"footnotes":""},"categories":[4],"tags":[],"class_list":["post-12859","post","type-post","status-publish","format-standard","hentry","category-cotidiano"],"_links":{"self":[{"href":"https:\/\/catolicanet.net\/wp-cnet\/wp-json\/wp\/v2\/posts\/12859","targetHints":{"allow":["GET"]}}],"collection":[{"href":"https:\/\/catolicanet.net\/wp-cnet\/wp-json\/wp\/v2\/posts"}],"about":[{"href":"https:\/\/catolicanet.net\/wp-cnet\/wp-json\/wp\/v2\/types\/post"}],"author":[{"embeddable":true,"href":"https:\/\/catolicanet.net\/wp-cnet\/wp-json\/wp\/v2\/users\/1"}],"replies":[{"embeddable":true,"href":"https:\/\/catolicanet.net\/wp-cnet\/wp-json\/wp\/v2\/comments?post=12859"}],"version-history":[{"count":1,"href":"https:\/\/catolicanet.net\/wp-cnet\/wp-json\/wp\/v2\/posts\/12859\/revisions"}],"predecessor-version":[{"id":26678,"href":"https:\/\/catolicanet.net\/wp-cnet\/wp-json\/wp\/v2\/posts\/12859\/revisions\/26678"}],"wp:attachment":[{"href":"https:\/\/catolicanet.net\/wp-cnet\/wp-json\/wp\/v2\/media?parent=12859"}],"wp:term":[{"taxonomy":"category","embeddable":true,"href":"https:\/\/catolicanet.net\/wp-cnet\/wp-json\/wp\/v2\/categories?post=12859"},{"taxonomy":"post_tag","embeddable":true,"href":"https:\/\/catolicanet.net\/wp-cnet\/wp-json\/wp\/v2\/tags?post=12859"}],"curies":[{"name":"wp","href":"https:\/\/api.w.org\/{rel}","templated":true}]}}