{"id":12851,"date":"2016-01-06T14:56:40","date_gmt":"2016-01-06T16:56:40","guid":{"rendered":"http:\/\/catolicanet.net\/wp-cnet\/2016\/01\/06\/igrejas-ao-gosto-do-fregues-nova-religiao-politeista-saltou-em-pouca-semanas-de-3-para-3-mil-fieis\/"},"modified":"2017-05-31T15:33:33","modified_gmt":"2017-05-31T18:33:33","slug":"igrejas-ao-gosto-do-fregues-nova-religiao-politeista-saltou-em-pouca-semanas-de-3-para-3-mil-fieis","status":"publish","type":"post","link":"https:\/\/catolicanet.net\/wp-cnet\/igrejas-ao-gosto-do-fregues-nova-religiao-politeista-saltou-em-pouca-semanas-de-3-para-3-mil-fieis\/","title":{"rendered":"Igrejas ao gosto do fregu\u00eas: nova religi\u00e3o polite\u00edsta saltou em pouca semanas de 3 para 3 mil fi\u00e9is"},"content":{"rendered":"<p style=\"text-align: justify;\"><img decoding=\"async\" src=\"http:\/\/catolicanet.com.br\/images\/stories\/zuismo.jpg\" border=\"0\" align=\"left\" \/>Por que uma religi\u00e3o fundada em 2013 anda fazendo alarde na Isl\u00e2ndia?<\/p>\n<p>Um aparente \u201cmilagre da multiplica\u00e7\u00e3o da f\u00e9\u201d se espalhou pela Isl\u00e2ndia entre novembro e dezembro de 2015: uma religi\u00e3o chamada \u201czu\u00edsmo\u201c, que at\u00e9 ent\u00e3o possu\u00eda nada menos e nada mais que 3 fi\u00e9is, viu seu rebanho saltar para 3.000. Considerando-se que a ilha tem cerca de 300.000 habitantes, trata-se de um fen\u00f4meno de \u201cconvers\u00e3o\u201d que atingiu 1% da popula\u00e7\u00e3o. A t\u00edtulo de compara\u00e7\u00e3o, qualquer igreja que atingisse rapidamente 1% da popula\u00e7\u00e3o no Brasil teria convertido 2 milh\u00f5es de cidad\u00e3os.<\/p>\n<p>O zu\u00edsmo foi criado h\u00e1 meros dois anos, mas, teoricamente, \u00e9 baseado em uma das religi\u00f5es mais antigas da hist\u00f3ria da humanidade: a dos sum\u00e9rios, civiliza\u00e7\u00e3o polite\u00edsta que existiu entre os anos de 5000 e 2000 antes de Cristo, na Mesopot\u00e2mia, regi\u00e3o que faz parte do atual territ\u00f3rio do Iraque.<\/p>\n<p>Na pr\u00e1tica, o zu\u00edsmo \u00e9 um criativo protesto do povo da Isl\u00e2ndia contra o pagamento obrigat\u00f3rio de impostos para sustentar igrejas do pa\u00eds. Todos os cidad\u00e3os da ilha, inclusive os ateus e os agn\u00f3sticos, s\u00e3o obrigados por lei a declarar alguma religi\u00e3o e a pagar um imposto que \u00e9 depois distribu\u00eddo \u00e0s institui\u00e7\u00f5es religiosas.<\/p>\n<p>75% dos islandeses s\u00e3o luteranos, mas existem no pa\u00eds mais de 40 organiza\u00e7\u00f5es religiosas que cumprem os requisitos para receber os chamados \u201cpagamentos a par\u00f3quias\u201c.<\/p>\n<p>E uma delas \u00e9 o zu\u00edsmo, registrado como religi\u00e3o em 2013. Seus \u201cseguidores\u201d declaram: \u201cO principal objetivo da organiza\u00e7\u00e3o \u00e9 que o governo acabe com todas as leis que d\u00e3o privil\u00e9gios financeiros ou de qualquer outro tipo \u00e0s organiza\u00e7\u00f5es religiosas, no caso de esses privil\u00e9gios serem diferentes dos que s\u00e3o oferecidos a outras organiza\u00e7\u00f5es\u201d.<\/p>\n<p>Em 2016, a cobran\u00e7a por contribuinte ser\u00e1 de cerca de 80 d\u00f3lares, equivalentes (em 6 de janeiro de 2015) a 320 reais.<\/p>\n<p>Com informa\u00e7\u00f5es da BBC<\/p>\n<p style=\"text-align: justify;\">Fonte: Aleteia<\/p>\n","protected":false},"excerpt":{"rendered":"<p>Por que uma religi\u00e3o fundada em 2013 anda fazendo alarde na Isl\u00e2ndia? Um aparente \u201cmilagre da multiplica\u00e7\u00e3o da f\u00e9\u201d se espalhou pela Isl\u00e2ndia entre novembro e dezembro de 2015: uma religi\u00e3o chamada \u201czu\u00edsmo\u201c, que at\u00e9 ent\u00e3o possu\u00eda nada menos e nada mais que 3 fi\u00e9is, viu seu rebanho saltar para 3.000. Considerando-se que a ilha [&hellip;]<\/p>\n","protected":false},"author":1,"featured_media":0,"comment_status":"open","ping_status":"open","sticky":false,"template":"","format":"standard","meta":{"footnotes":""},"categories":[4],"tags":[],"class_list":["post-12851","post","type-post","status-publish","format-standard","hentry","category-cotidiano"],"_links":{"self":[{"href":"https:\/\/catolicanet.net\/wp-cnet\/wp-json\/wp\/v2\/posts\/12851","targetHints":{"allow":["GET"]}}],"collection":[{"href":"https:\/\/catolicanet.net\/wp-cnet\/wp-json\/wp\/v2\/posts"}],"about":[{"href":"https:\/\/catolicanet.net\/wp-cnet\/wp-json\/wp\/v2\/types\/post"}],"author":[{"embeddable":true,"href":"https:\/\/catolicanet.net\/wp-cnet\/wp-json\/wp\/v2\/users\/1"}],"replies":[{"embeddable":true,"href":"https:\/\/catolicanet.net\/wp-cnet\/wp-json\/wp\/v2\/comments?post=12851"}],"version-history":[{"count":1,"href":"https:\/\/catolicanet.net\/wp-cnet\/wp-json\/wp\/v2\/posts\/12851\/revisions"}],"predecessor-version":[{"id":26921,"href":"https:\/\/catolicanet.net\/wp-cnet\/wp-json\/wp\/v2\/posts\/12851\/revisions\/26921"}],"wp:attachment":[{"href":"https:\/\/catolicanet.net\/wp-cnet\/wp-json\/wp\/v2\/media?parent=12851"}],"wp:term":[{"taxonomy":"category","embeddable":true,"href":"https:\/\/catolicanet.net\/wp-cnet\/wp-json\/wp\/v2\/categories?post=12851"},{"taxonomy":"post_tag","embeddable":true,"href":"https:\/\/catolicanet.net\/wp-cnet\/wp-json\/wp\/v2\/tags?post=12851"}],"curies":[{"name":"wp","href":"https:\/\/api.w.org\/{rel}","templated":true}]}}