{"id":12832,"date":"2016-01-05T12:47:14","date_gmt":"2016-01-05T14:47:14","guid":{"rendered":"http:\/\/catolicanet.net\/wp-cnet\/2016\/01\/05\/terra-santa-bispos-catolicos-vao-visitar-refugiados-na-jordania\/"},"modified":"2017-05-30T11:51:27","modified_gmt":"2017-05-30T14:51:27","slug":"terra-santa-bispos-catolicos-vao-visitar-refugiados-na-jordania","status":"publish","type":"post","link":"https:\/\/catolicanet.net\/wp-cnet\/terra-santa-bispos-catolicos-vao-visitar-refugiados-na-jordania\/","title":{"rendered":"Terra Santa: Bispos cat\u00f3licos v\u00e3o visitar refugiados na Jord\u00e2nia"},"content":{"rendered":"<p style=\"text-align: justify;\"><img decoding=\"async\" src=\"http:\/\/catolicanet.com.br\/images\/stories\/unnamed_10.jpg\" border=\"0\" align=\"left\" \/>Comitiva integra o padre portugu\u00eas Duarte da Cunha, secret\u00e1rio-geral do Conselho das Confer\u00eancias Episcopais da Europa<\/p>\n<p style=\"text-align: justify;\">14 bispos da Europa, Am\u00e9rica e \u00c1frica do Sul, que integram o grupo de Coordena\u00e7\u00e3o das Confer\u00eancias Episcopais a favor da Igreja Cat\u00f3lica na Terra Santa, v\u00e3o encontrar-se com refugiados na Jord\u00e2nia.<\/p>\n<p>Segundo um comunicado enviado hoje \u00e0 Ag\u00eancia ECCLESIA, a iniciativa vai decorrer no \u00e2mbito da visita anual daquele organismo ao territ\u00f3rio, entre 7 e 14 deste m\u00eas.<\/p>\n<p>A chegada \u00e0 Jord\u00e2nia est\u00e1 prevista para o pr\u00f3ximo domingo, sendo que os representantes cat\u00f3licos ser\u00e3o acompanhados pelo padre portugu\u00eas Duarte da Cunha, atual secret\u00e1rio-geral do Conselho das Confer\u00eancias Episcopais da Europa.<\/p>\n<p>Para o sacerdote, esta viagem \u00e9 uma forma da Igreja Cat\u00f3lica mostrar que \u201cn\u00e3o abandona\u201d estas pessoas nem as comunidades crist\u00e3s radicadas na Terra Santa.<\/p>\n<p>\u201c\u00c9 acima de tudo uma batalha contra a isola\u00e7\u00e3o, contra a indiferen\u00e7a\u201d, frisa o representante da CCEE, destacando ainda a import\u00e2ncia de continuar a apoiar a peregrina\u00e7\u00e3o aos locais santos.<\/p>\n<p>Uma forma de \u201cfavorecer a recupera\u00e7\u00e3o da economia local e de erradicar a pobreza\u201d, que \u00e9 sempre um \u201cterreno prop\u00edcio para o aparecimento dos fundamentalismos\u201d, complementa.<\/p>\n<p>A maior parte dos refugiados na Jord\u00e2nia s\u00e3o pessoas e fam\u00edlias provenientes da S\u00edria e do Iraque, que tiveram de fugir devido \u00e0 guerra.<\/p>\n<p>Antes deste encontro, os bispos cat\u00f3licos que integram o grupo de apoio \u00e0 Terra Santa v\u00e3o passar dois dias em Gaza, na Palestina, junto da comunidade crist\u00e3 local.<\/p>\n<p>O programa prev\u00ea a celebra\u00e7\u00e3o de uma \u201cmissa na par\u00f3quia da Sagrada Fam\u00edlia\u201d, uma \u201cvisita a uma escola gerida pelas Irm\u00e3s do Santo Ros\u00e1rio\u201d, e a passagem por \u201cv\u00e1rios outros projetos que procuram ajudar as pessoas a retomar a sua vida normal\u201d, depois dos \u00faltimos conflitos armados.<\/p>\n<p>Tamb\u00e9m uma breve paragem em Bel\u00e9m onde os prelados v\u00e3o encontrar-se com membros da comunidade de Beit Jala, incluindo dezenas de fam\u00edlias crist\u00e3s que viram as suas terras confiscadas devido \u00e0 constru\u00e7\u00e3o de um muro de separa\u00e7\u00e3o entre Israel e a Palestina, no Vale de Cremissan.<\/p>\n<p>A visita dos bispos cat\u00f3licos \u00e0s comunidades crist\u00e3s da Terra Santa acontece desde 1990.<\/p>\n<p style=\"text-align: justify;\">Fonte: Ag\u00eancia Ecclesia<\/p>\n","protected":false},"excerpt":{"rendered":"<p>Comitiva integra o padre portugu\u00eas Duarte da Cunha, secret\u00e1rio-geral do Conselho das Confer\u00eancias Episcopais da Europa 14 bispos da Europa, Am\u00e9rica e \u00c1frica do Sul, que integram o grupo de Coordena\u00e7\u00e3o das Confer\u00eancias Episcopais a favor da Igreja Cat\u00f3lica na Terra Santa, v\u00e3o encontrar-se com refugiados na Jord\u00e2nia. Segundo um comunicado enviado hoje \u00e0 Ag\u00eancia [&hellip;]<\/p>\n","protected":false},"author":1,"featured_media":0,"comment_status":"open","ping_status":"open","sticky":false,"template":"","format":"standard","meta":{"footnotes":""},"categories":[3],"tags":[],"class_list":["post-12832","post","type-post","status-publish","format-standard","hentry","category-vaticano"],"_links":{"self":[{"href":"https:\/\/catolicanet.net\/wp-cnet\/wp-json\/wp\/v2\/posts\/12832","targetHints":{"allow":["GET"]}}],"collection":[{"href":"https:\/\/catolicanet.net\/wp-cnet\/wp-json\/wp\/v2\/posts"}],"about":[{"href":"https:\/\/catolicanet.net\/wp-cnet\/wp-json\/wp\/v2\/types\/post"}],"author":[{"embeddable":true,"href":"https:\/\/catolicanet.net\/wp-cnet\/wp-json\/wp\/v2\/users\/1"}],"replies":[{"embeddable":true,"href":"https:\/\/catolicanet.net\/wp-cnet\/wp-json\/wp\/v2\/comments?post=12832"}],"version-history":[{"count":1,"href":"https:\/\/catolicanet.net\/wp-cnet\/wp-json\/wp\/v2\/posts\/12832\/revisions"}],"predecessor-version":[{"id":24527,"href":"https:\/\/catolicanet.net\/wp-cnet\/wp-json\/wp\/v2\/posts\/12832\/revisions\/24527"}],"wp:attachment":[{"href":"https:\/\/catolicanet.net\/wp-cnet\/wp-json\/wp\/v2\/media?parent=12832"}],"wp:term":[{"taxonomy":"category","embeddable":true,"href":"https:\/\/catolicanet.net\/wp-cnet\/wp-json\/wp\/v2\/categories?post=12832"},{"taxonomy":"post_tag","embeddable":true,"href":"https:\/\/catolicanet.net\/wp-cnet\/wp-json\/wp\/v2\/tags?post=12832"}],"curies":[{"name":"wp","href":"https:\/\/api.w.org\/{rel}","templated":true}]}}