{"id":12812,"date":"2016-01-04T15:23:39","date_gmt":"2016-01-04T17:23:39","guid":{"rendered":"http:\/\/catolicanet.net\/wp-cnet\/2016\/01\/04\/entra-em-vigor-o-primeiro-acordo-entre-vaticano-e-palestina\/"},"modified":"2017-05-31T15:04:29","modified_gmt":"2017-05-31T18:04:29","slug":"entra-em-vigor-o-primeiro-acordo-entre-vaticano-e-palestina","status":"publish","type":"post","link":"https:\/\/catolicanet.net\/wp-cnet\/entra-em-vigor-o-primeiro-acordo-entre-vaticano-e-palestina\/","title":{"rendered":"Entra em vigor o primeiro acordo entre Vaticano e Palestina"},"content":{"rendered":"<p style=\"text-align: justify;\"><img decoding=\"async\" src=\"http:\/\/catolicanet.com.br\/images\/stories\/gddhmbv7.jpg\" border=\"0\" align=\"left\" \/>O hist\u00f3rico primeiro acordo do Vaticano com a Palestina entrou em vigor neste s\u00e1bado depois de conclu\u00eddas as formalidades de procedimento, anunciou a Santa S\u00e9.<\/p>\n<p>O acordo foi assinado em junho passado, dois anos depois que a Igreja cat\u00f3lica romana reconheceu os Territ\u00f3rios Palestinos como Estado soberano, em fevereiro de 2013.<\/p>\n<p>O acordo versa sobre as atividades da Igreja em zonas da Terra Santa sob controle palestino, mas seu significado \u00e9 visto em termos mais amplos, como s\u00edmbolo do crescente apoio internacional ao Estado palestino.<\/p>\n<p>\u201cCom refer\u00eancia ao acordo global entre a Santa S\u00e9 e o Estado da Palestina, assinado em 26 de junho de 2015, a Santa S\u00e9 e o Estado da Palestina notificaram \u00e0 outra parte que os requisitos de procedimento para sua entrada em vigor foram cumpridos\u201d, assinalou o Vaticano em um comunicado.<\/p>\n<p>\u201cO acordo consiste em um pre\u00e2mbulo e 32 artigos, aborda os aspectos essenciais da vida e da atividade da Igreja na Palestina, ao mesmo tempo em que reafirma o apoio a uma solu\u00e7\u00e3o negociada e pac\u00edfica para o confito na regi\u00e3o\u201d, acrescenta o texto.<\/p>\n<p>A prepara\u00e7\u00e3o deste texto por uma comiss\u00e3o bilateral levou 15 anos. Embora o Vaticano se refira ao \u201cEstado da Palestina\u201d desde o in\u00edcio de 2013, os palestinos consideram que a assinatura do acordo equivale a um reconhecimento de fato de seu Estado, o que irrita Israel.<\/p>\n<p>Na ocasi\u00e3o, Israel lamentou o acordo e advertiu que isso pode ser nocivo para os esfor\u00e7os para a paz na regi\u00e3o.<\/p>\n<p>O acordo foi assinado no Pal\u00e1cio pontif\u00edcio pelo secret\u00e1rio para as rela\u00e7\u00f5es com os Estados (ministro das Rela\u00e7\u00f5es Exteriores), pelo prelado brit\u00e2nico Paul Richard Gallagher e pelo ministro palestino de Rela\u00e7\u00f5es Exteriores, Riyad al-Maliki.<\/p>\n<p>O acordo expressa o apoio do Vaticano a uma solu\u00e7\u00e3o \u201cdo conflito entre israelenses e palestinos no \u00e2mbito da f\u00f3rmula de dois Estados\u201d, havia explicado em maio o monsenhor Antoine Camilleri, chefe da delega\u00e7\u00e3o da Santa S\u00e9.<\/p>\n<p>Para a Organiza\u00e7\u00e3o para a Liberta\u00e7\u00e3o da Palestina (OLP), este acordo converte o Vaticano no 136\u00ba pa\u00eds a reconhecer o Estado da Palestina.<\/p>\n<p>A Santa S\u00e9 tem rela\u00e7\u00f5es com Israel desde 1993 e negocia desde 1999 um acordo sobre os direitos jur\u00eddicos e patrimoniais das congrega\u00e7\u00f5es cat\u00f3licas no Estado hebreu, mas cada reuni\u00e3o semestral termina com um fracasso.<\/p>\n<p style=\"text-align: justify;\">Fonte: Aleteia<\/p>\n","protected":false},"excerpt":{"rendered":"<p>O hist\u00f3rico primeiro acordo do Vaticano com a Palestina entrou em vigor neste s\u00e1bado depois de conclu\u00eddas as formalidades de procedimento, anunciou a Santa S\u00e9. O acordo foi assinado em junho passado, dois anos depois que a Igreja cat\u00f3lica romana reconheceu os Territ\u00f3rios Palestinos como Estado soberano, em fevereiro de 2013. O acordo versa sobre [&hellip;]<\/p>\n","protected":false},"author":1,"featured_media":0,"comment_status":"open","ping_status":"open","sticky":false,"template":"","format":"standard","meta":{"footnotes":""},"categories":[4],"tags":[],"class_list":["post-12812","post","type-post","status-publish","format-standard","hentry","category-cotidiano"],"_links":{"self":[{"href":"https:\/\/catolicanet.net\/wp-cnet\/wp-json\/wp\/v2\/posts\/12812","targetHints":{"allow":["GET"]}}],"collection":[{"href":"https:\/\/catolicanet.net\/wp-cnet\/wp-json\/wp\/v2\/posts"}],"about":[{"href":"https:\/\/catolicanet.net\/wp-cnet\/wp-json\/wp\/v2\/types\/post"}],"author":[{"embeddable":true,"href":"https:\/\/catolicanet.net\/wp-cnet\/wp-json\/wp\/v2\/users\/1"}],"replies":[{"embeddable":true,"href":"https:\/\/catolicanet.net\/wp-cnet\/wp-json\/wp\/v2\/comments?post=12812"}],"version-history":[{"count":1,"href":"https:\/\/catolicanet.net\/wp-cnet\/wp-json\/wp\/v2\/posts\/12812\/revisions"}],"predecessor-version":[{"id":26857,"href":"https:\/\/catolicanet.net\/wp-cnet\/wp-json\/wp\/v2\/posts\/12812\/revisions\/26857"}],"wp:attachment":[{"href":"https:\/\/catolicanet.net\/wp-cnet\/wp-json\/wp\/v2\/media?parent=12812"}],"wp:term":[{"taxonomy":"category","embeddable":true,"href":"https:\/\/catolicanet.net\/wp-cnet\/wp-json\/wp\/v2\/categories?post=12812"},{"taxonomy":"post_tag","embeddable":true,"href":"https:\/\/catolicanet.net\/wp-cnet\/wp-json\/wp\/v2\/tags?post=12812"}],"curies":[{"name":"wp","href":"https:\/\/api.w.org\/{rel}","templated":true}]}}