{"id":12802,"date":"2016-01-04T13:44:33","date_gmt":"2016-01-04T15:44:33","guid":{"rendered":"http:\/\/catolicanet.net\/wp-cnet\/2016\/01\/04\/consagrados-de-cabo-verde-reflectem-sobre-a-mensagem-do-papa\/"},"modified":"2017-06-02T10:07:22","modified_gmt":"2017-06-02T13:07:22","slug":"consagrados-de-cabo-verde-reflectem-sobre-a-mensagem-do-papa","status":"publish","type":"post","link":"https:\/\/catolicanet.net\/wp-cnet\/consagrados-de-cabo-verde-reflectem-sobre-a-mensagem-do-papa\/","title":{"rendered":"Consagrados de Cabo Verde reflectem sobre a mensagem do Papa"},"content":{"rendered":"<p style=\"text-align: justify;\"><img decoding=\"async\" src=\"http:\/\/catolicanet.com.br\/images\/stories\/rv12338_articolo.jpg\" border=\"0\" align=\"left\" \/>Refletir sobre a mensagem do Papa para o Ano da Vida Consagrada a fim de encontrar novas linhas de orienta\u00e7\u00e3o para continuar a viver convenientemente e com alegria a vida consagrada. Foi este o objetivo que se deram os consagrados e consagradas em Cabo Verde, ao reunir-se em Assembleia geral de 28 a 30 de Dezembro, na ilha de Santiago. <\/p>\n<p>O encanto, as doen\u00e7as, os desafios e a afetividade na vida consagrada, \u00e0 luz da mensagem do Papa, foram os temas principais do encontro. A exp\u00f4-los foram o P. Miguel Gomes e a Irm\u00e3 Felicidade Tavares. <\/p>\n<p>Mas o encontro contou tamb\u00e9m com uma visita guiada \u00e0 Cidade Velha, ber\u00e7o da na\u00e7\u00e3o cabo-verdiana, a completar uma confer\u00eancia sobre a Hist\u00f3ria da Vida Consagrada em Cabo Verde feita pelo P. Manuel Ant\u00f3nio, diocesano, logo no primeiro dia da Assembleia.<\/p>\n<p>Tomaram parte no encontro, para al\u00e9m de cerca de 90 religiosas e religiosos, os bispos do pa\u00eds: o Cardeal Arlindo Gomes Furtado, Bispo de Santiago, D. Ildo Fortes, Bispo de Mindelo e o Bispo em\u00e9rito de Santiago, D. Paulino do Livramento \u00c9vora. <\/p>\n<p>\u00c0 frente da organiza\u00e7\u00e3o esteve a Irm\u00e3 Romualda Tavares, Presidente, desde h\u00e1 cerca de um ano, da CIR-CV, Confer\u00eancia dos Institutos Religiosos de Cabo Verde. Satisfeita, ela considera essa Assembleia parte de um balan\u00e7o positivo do trabalho deste ano que visou refor\u00e7ar a comunica\u00e7\u00e3o entre os religiosos (dispersos pelas 9 ilhas de Cabo Verde); com a hierarquia local e com a Congrega\u00e7\u00e3o para os Institutos de Vida Consagrada e as Sociedades de Vida Apost\u00f3lica, no Vaticano.\u00a0 Al\u00e9m disso, a CIR-CV propunha-se tamb\u00e9m rever os seus Estatutos, trabalho que j\u00e1 est\u00e1 bastante avan\u00e7ado &#8211; refere em entrevista \u00e0 R\u00e1dio Vaticano, a irm\u00e3 Romualda. <\/p>\n<p>Embora, lamentando que apenas alguns representantes dos consagrados residentes nas outras ilhas tenham podido juntar-se aos de Santiago para a Assembleia, a irm\u00e3 Romualda considera o encontro um sucesso, pois que todos sentiam a necessidade de um tal encontro. E ficou a promessa de se esfor\u00e7arem por fazer mais encontros a diversos n\u00edveis (nacional, regional&#8230;) a fim de melhorar o trabalho conjunto. <\/p>\n<p>Quanto a outras linhas de orienta\u00e7\u00e3o para a viv\u00eancia da vida consagrada no Arquip\u00e9lago, esta Mission\u00e1ria Filha do Sagrado Cora\u00e7\u00e3o de Maria, n\u00e3o adianta muito, referindo que a Direc\u00e7\u00e3o da CIR-CV vai\u00a0 p\u00f4r a limpo as sugest\u00f5es para depois fazerem uma avalia\u00e7\u00e3o geral por ocasi\u00e3o do encerramento do Ano da Vida Consagrada a 31 de Janeiro de 2016. <\/p>\n<p>Entretanto, um outro encontro j\u00e1 est\u00e1 na agenda. Ser\u00e1 em Julho de 2016 e ter\u00e1 como tema a Miseric\u00f3rdia. O orador ser\u00e1 o Cardeal Arlindo Furtado. <\/p>\n<p>Oi\u00e7a, de forma mais pormenorizada, as palavras da Irm\u00e3 Romualda na rubrica &#8220;\u00c1frica. Vozes Femininas&#8221; clicando em baixo.<\/p>\n<p style=\"text-align: justify;\">Fonte: R\u00e1dio Vaticano<\/p>\n","protected":false},"excerpt":{"rendered":"<p>Refletir sobre a mensagem do Papa para o Ano da Vida Consagrada a fim de encontrar novas linhas de orienta\u00e7\u00e3o para continuar a viver convenientemente e com alegria a vida consagrada. Foi este o objetivo que se deram os consagrados e consagradas em Cabo Verde, ao reunir-se em Assembleia geral de 28 a 30 de [&hellip;]<\/p>\n","protected":false},"author":1,"featured_media":0,"comment_status":"open","ping_status":"open","sticky":false,"template":"","format":"standard","meta":{"footnotes":""},"categories":[3],"tags":[],"class_list":["post-12802","post","type-post","status-publish","format-standard","hentry","category-vaticano"],"_links":{"self":[{"href":"https:\/\/catolicanet.net\/wp-cnet\/wp-json\/wp\/v2\/posts\/12802","targetHints":{"allow":["GET"]}}],"collection":[{"href":"https:\/\/catolicanet.net\/wp-cnet\/wp-json\/wp\/v2\/posts"}],"about":[{"href":"https:\/\/catolicanet.net\/wp-cnet\/wp-json\/wp\/v2\/types\/post"}],"author":[{"embeddable":true,"href":"https:\/\/catolicanet.net\/wp-cnet\/wp-json\/wp\/v2\/users\/1"}],"replies":[{"embeddable":true,"href":"https:\/\/catolicanet.net\/wp-cnet\/wp-json\/wp\/v2\/comments?post=12802"}],"version-history":[{"count":1,"href":"https:\/\/catolicanet.net\/wp-cnet\/wp-json\/wp\/v2\/posts\/12802\/revisions"}],"predecessor-version":[{"id":27822,"href":"https:\/\/catolicanet.net\/wp-cnet\/wp-json\/wp\/v2\/posts\/12802\/revisions\/27822"}],"wp:attachment":[{"href":"https:\/\/catolicanet.net\/wp-cnet\/wp-json\/wp\/v2\/media?parent=12802"}],"wp:term":[{"taxonomy":"category","embeddable":true,"href":"https:\/\/catolicanet.net\/wp-cnet\/wp-json\/wp\/v2\/categories?post=12802"},{"taxonomy":"post_tag","embeddable":true,"href":"https:\/\/catolicanet.net\/wp-cnet\/wp-json\/wp\/v2\/tags?post=12802"}],"curies":[{"name":"wp","href":"https:\/\/api.w.org\/{rel}","templated":true}]}}