{"id":12784,"date":"2015-12-28T03:00:00","date_gmt":"2015-12-28T05:00:00","guid":{"rendered":"http:\/\/catolicanet.net\/wp-cnet\/2015\/12\/28\/ano-novo-velhos-problemas\/"},"modified":"2017-05-09T09:39:55","modified_gmt":"2017-05-09T12:39:55","slug":"ano-novo-velhos-problemas","status":"publish","type":"post","link":"https:\/\/catolicanet.net\/wp-cnet\/ano-novo-velhos-problemas\/","title":{"rendered":"Ano Novo, velhos problemas"},"content":{"rendered":"<p style=\"text-align: justify;\">Surge o Ano Novo de 2016, mas as perspectivas n\u00e3o s\u00e3o nada animadoras para o\u00a0 brasileiro. Diante de mais uma crise financeira, turbul\u00eancia com reflexos por toda parte da na\u00e7\u00e3o, a inquieta\u00e7\u00e3o toma conta do contexto atual e patenteia como s\u00e3o fr\u00e1geis as estruturas econ\u00f4micas e como \u00e9 vol\u00e1til a situa\u00e7\u00e3o brasileira O presente transtorno na economia, comparado a um verdadeiro tsunami, j\u00e1 tem reflexos para a vida econ\u00f4mica de cada cidad\u00e3o. As consequ\u00eancias funestas atingem prontamente sobretudo os que se encontram na base da pir\u00e2mide social, como s\u00f3i sempre acontecer. No Brasil, segundo, alto e bom som, sem perceber as consequ\u00eancias desta crise, a Presidente da Rep\u00fablica e seus ministros da \u00e1rea econ\u00f4mica afirmam que o impacto este ano ser\u00e1 menor, embora ningu\u00e9m possa dimensionar exatamente\u00a0 o que est\u00e1 por vir. H\u00e1, sem d\u00favida, expectativa sombria de um crescimento econ\u00f4mico menor, menos emprego ainda e uma diminui\u00e7\u00e3o da renda pessoal, tornando-se mais d\u00e9bil o poder aquisitivo do real.\u00a0 Pre\u00e7os de alimentos t\u00eam subido. O governo continua amea\u00e7ando com novos impostos. Quebraram o pa\u00eds e querem que o povo pague a conta dos desequil\u00edbrios governamentais. A incerteza bate \u00e0 porta de cada cidad\u00e3o. Resta apenas estar mais\u00a0 atento e cauteloso. Protestar \u00e9 preciso e clamar: \u201cMuda Brasil\u201d! O certo \u00e9, contudo, que a situa\u00e7\u00e3o atual precisa passar por funda reforma.\u00a0 Esta crise \u00e9 o resultado dos excessos dos gastos desenfreados dos governantes. Nova mentalidade precisa ser instaurada. Abre-se, ent\u00e3o, a oportunidade para se constituir polos p\u00fablicos de desenvolvimento para financiar projetos consistentes que apoiem um crescimento em longo prazo sem aventuras danosas do atual governo.\u00a0 Cumpre buscar a verdade social sobre a normativa na concilia\u00e7\u00e3o entre o desenvolvimento econ\u00f4mico e o pol\u00edtico.\u00a0 \u00c9 necess\u00e1rio denunciar o bin\u00f4mio perverso expresso pela contradi\u00e7\u00e3o entre o que se diz no Pal\u00e1cio do Planalto, na\u00a0 C\u00e2mara dos Deputados e no Senado\u00a0 e o que se passa na realidade cotidiana dos brasileiros. Estar vigilante diante das contradi\u00e7\u00f5es concretas da realidade social para uma diagnose das mensagens que v\u00e3o fluindo tantas vezes para manipular a opini\u00e3o p\u00fablica. Saber captar circuitos interrompidos que ficam embasados pelo jogo de cena, pelas montagens ilus\u00f3rias, e, sobretudo, pelas promessas que nunca foram nem\u00a0 ser\u00e3o cumpridas. Os an\u00e9is da Hist\u00f3ria n\u00e3o podem ser vistos separados, mas devem poder se ligar sob pena de haver a dilacera\u00e7\u00e3o do humano e o lud\u00edbrio das consci\u00eancias.\u00a0 \u00c9 a\u00ed que o papel do verdadeiro cientista social aparece n\u00e3o se perdendo em an\u00e1lises superficiais e sensacionalistas, mas tirando conclus\u00f5es profundas de tudo que est\u00e1 ocorrendo sem\u00a0 ceder \u00e0s circunst\u00e2ncias, sem a distor\u00e7\u00e3o dos fatos e acontecimentos moment\u00e2neos. Nada, por\u00e9m, de p\u00e2nico, nem de acomoda\u00e7\u00e3o. * Professor no Semin\u00e1rio de Mariana durante 40 anos.<\/p>\n","protected":false},"excerpt":{"rendered":"<p>Surge o Ano Novo de 2016, mas as perspectivas n\u00e3o s\u00e3o nada animadoras para o\u00a0 brasileiro. Diante de mais uma crise financeira, turbul\u00eancia com reflexos por toda parte da na\u00e7\u00e3o, a inquieta\u00e7\u00e3o toma conta do contexto atual e patenteia como s\u00e3o fr\u00e1geis as estruturas econ\u00f4micas e como \u00e9 vol\u00e1til a situa\u00e7\u00e3o brasileira O presente transtorno [&hellip;]<\/p>\n","protected":false},"author":16,"featured_media":0,"comment_status":"open","ping_status":"open","sticky":false,"template":"","format":"standard","meta":{"footnotes":""},"categories":[9],"tags":[],"class_list":["post-12784","post","type-post","status-publish","format-standard","hentry","category-artigos"],"_links":{"self":[{"href":"https:\/\/catolicanet.net\/wp-cnet\/wp-json\/wp\/v2\/posts\/12784","targetHints":{"allow":["GET"]}}],"collection":[{"href":"https:\/\/catolicanet.net\/wp-cnet\/wp-json\/wp\/v2\/posts"}],"about":[{"href":"https:\/\/catolicanet.net\/wp-cnet\/wp-json\/wp\/v2\/types\/post"}],"author":[{"embeddable":true,"href":"https:\/\/catolicanet.net\/wp-cnet\/wp-json\/wp\/v2\/users\/16"}],"replies":[{"embeddable":true,"href":"https:\/\/catolicanet.net\/wp-cnet\/wp-json\/wp\/v2\/comments?post=12784"}],"version-history":[{"count":1,"href":"https:\/\/catolicanet.net\/wp-cnet\/wp-json\/wp\/v2\/posts\/12784\/revisions"}],"predecessor-version":[{"id":21787,"href":"https:\/\/catolicanet.net\/wp-cnet\/wp-json\/wp\/v2\/posts\/12784\/revisions\/21787"}],"wp:attachment":[{"href":"https:\/\/catolicanet.net\/wp-cnet\/wp-json\/wp\/v2\/media?parent=12784"}],"wp:term":[{"taxonomy":"category","embeddable":true,"href":"https:\/\/catolicanet.net\/wp-cnet\/wp-json\/wp\/v2\/categories?post=12784"},{"taxonomy":"post_tag","embeddable":true,"href":"https:\/\/catolicanet.net\/wp-cnet\/wp-json\/wp\/v2\/tags?post=12784"}],"curies":[{"name":"wp","href":"https:\/\/api.w.org\/{rel}","templated":true}]}}