{"id":1278,"date":"2023-03-22T00:00:22","date_gmt":"2023-03-22T03:00:22","guid":{"rendered":"http:\/\/catolicanet.net\/wp-cnet\/?p=1278"},"modified":"2023-01-02T18:48:53","modified_gmt":"2023-01-02T21:48:53","slug":"santa-leia","status":"publish","type":"post","link":"https:\/\/catolicanet.net\/wp-cnet\/santa-leia\/","title":{"rendered":"Santa L\u00e9ia"},"content":{"rendered":"<div id=\"block-system-main\" class=\"block block-system\">\n<div class=\"content\">\n<div class=\"node node-santo clearfix\">\n<div class=\"-content clearfix \">\n<div class=\"field field-name-field-santo-desc field-type-text-long field-label-hidden\">\n<div class=\"field-items\">\n<div class=\"field-item even\">\n<p style=\"text-align: justify;\">Pouco se conhece sobre a vida de L\u00e9ia, uma rica romana que quando ficou vi\u00fava, ainda jovem, recusou um novo casamento, como era o costume da \u00e9poca, para se juntar \u00e0 Marcela, abadessa de uma comunidade, criada em sua pr\u00f3pria resid\u00eancia em Aventino, Roma. O local, depois se tornou um dos mosteiros fundados e dirigidos por Jer\u00f4nimo, que se tornou santo, doutor da Igreja e bispo de Hipona, na \u00c1frica do Norte, e que viveu tamb\u00e9m nesse per\u00edodo, na cidade eterna.<\/p>\n<p>L\u00e9ia recusara ningu\u00e9m menos que V\u00e9cio Agorio Pretestato, c\u00f4nsul romano designado prefeito da Urbe, que lhe proporcionaria uma vida ainda mais luxuosa, pelo prestigio e privil\u00e9gios que envolviam aquele cargo. Teria uma vila inteira como moradia e incont\u00e1veis criados para atend\u00ea-la. Entretanto, L\u00e9ia preferiu viver numa cela pequena, fria e escura, com simplicidade e dedicada \u00e0 ora\u00e7\u00e3o, \u00e0 caridade e \u00e0 penit\u00eancia.<\/p>\n<p>A jovem abandonou os finos vestidos para usar uma roupa tosca de saco rude e fazia quest\u00e3o de realizar as tarefas mais humildes, assumindo uma atitude de escrava para as outras religiosas. Passava noites inteiras em ora\u00e7\u00e3o e quando fazia obras benem\u00e9ritas, o fazia escondido, para n\u00e3o chamar a aten\u00e7\u00e3o de ningu\u00e9m e n\u00e3o receber nenhuma recompensa ou reconhecimento pelos seus atos. Por isso, L\u00e9ia foi eleita Madre superiora, trabalho que exerceu durante o resto de seus dias com alegria, tranq\u00fcilidade e a mesma humildade.<\/p>\n<p>Esses poucos dados sobre L\u00e9ia est\u00e3o contidos numa carta escrita pelo bispo Jer\u00f4nimo, quando soube da sua morte, em 384. Curiosamente, ela morreu em Roma, no mesmo ano em que faleceu V\u00e9cio, o consul, rejeitado por ela .<\/p>\n<p>Na ocasi\u00e3o dessas mortes, Jer\u00f4nimo j\u00e1 havia se retirado de Roma para viver solitariamente perto de Bel\u00e9m, depois de ter sido caluniado. Retirou-se para um mosteiro e continuou dirigindo o que havia fundado, na resid\u00eancia romana. Na carta, que ele enviou \u00e0 essas religiosas, fez um paralelo entre as duas mortes, mostrando que antes o riqu\u00edssimo c\u00f4nsul usava as mais finas vestes p\u00farpuras e agora estava envolto em escurid\u00e3o, enquanto, L\u00e9ia, antes vestida de rude roupa de saco, agora vivia na luz e na gl\u00f3ria, por ter percorrido o caminho da santidade.<\/p>\n<p>Logo foi venerada pelo povo que trazia Santa L\u00e9ia, no cora\u00e7\u00e3o e na mem\u00f3ria. At\u00e9 porque era dif\u00edcil compreender, mesmo depois de passado tanto tempo, a troca que fizera do posto de primeira dama romana pela de abnega\u00e7\u00e3o de monja. Contudo, foi assim que Santa L\u00e9ia escolheu viver, na entrega total ao Senhor ela encontrou a maneira de alcan\u00e7ar seu lugar ao lado de Deus na eternidade.<\/p>\n<\/div>\n<\/div>\n<\/div>\n<\/div>\n<\/div>\n<\/div>\n<\/div>\n<div id=\"block-block-48\" class=\"block block-block\">\n<div class=\"content\">\n<p style=\"text-align: justify;\">*Fonte: Pia Sociedade Filhas de S\u00e3o Paulo Paulinas\u00a0<a href=\"http:\/\/www.paulinas.org.br\/\" target=\"_blank\" rel=\"noopener noreferrer\">http:\/\/www.paulinas.org.br<\/a><\/p>\n<\/div>\n<\/div>\n","protected":false},"excerpt":{"rendered":"<p>Pouco se conhece sobre a vida de L\u00e9ia, uma rica romana que quando ficou vi\u00fava, ainda jovem, recusou um novo casamento, como era o costume da \u00e9poca, para se juntar \u00e0 Marcela, abadessa de uma comunidade, criada em sua pr\u00f3pria resid\u00eancia em Aventino, Roma. O local, depois se tornou um dos mosteiros fundados e dirigidos [&hellip;]<\/p>\n","protected":false},"author":1,"featured_media":1279,"comment_status":"open","ping_status":"open","sticky":false,"template":"","format":"standard","meta":{"footnotes":""},"categories":[32],"tags":[],"class_list":["post-1278","post","type-post","status-publish","format-standard","has-post-thumbnail","hentry","category-santo-do-dia"],"_links":{"self":[{"href":"https:\/\/catolicanet.net\/wp-cnet\/wp-json\/wp\/v2\/posts\/1278","targetHints":{"allow":["GET"]}}],"collection":[{"href":"https:\/\/catolicanet.net\/wp-cnet\/wp-json\/wp\/v2\/posts"}],"about":[{"href":"https:\/\/catolicanet.net\/wp-cnet\/wp-json\/wp\/v2\/types\/post"}],"author":[{"embeddable":true,"href":"https:\/\/catolicanet.net\/wp-cnet\/wp-json\/wp\/v2\/users\/1"}],"replies":[{"embeddable":true,"href":"https:\/\/catolicanet.net\/wp-cnet\/wp-json\/wp\/v2\/comments?post=1278"}],"version-history":[{"count":2,"href":"https:\/\/catolicanet.net\/wp-cnet\/wp-json\/wp\/v2\/posts\/1278\/revisions"}],"predecessor-version":[{"id":22178,"href":"https:\/\/catolicanet.net\/wp-cnet\/wp-json\/wp\/v2\/posts\/1278\/revisions\/22178"}],"wp:featuredmedia":[{"embeddable":true,"href":"https:\/\/catolicanet.net\/wp-cnet\/wp-json\/wp\/v2\/media\/1279"}],"wp:attachment":[{"href":"https:\/\/catolicanet.net\/wp-cnet\/wp-json\/wp\/v2\/media?parent=1278"}],"wp:term":[{"taxonomy":"category","embeddable":true,"href":"https:\/\/catolicanet.net\/wp-cnet\/wp-json\/wp\/v2\/categories?post=1278"},{"taxonomy":"post_tag","embeddable":true,"href":"https:\/\/catolicanet.net\/wp-cnet\/wp-json\/wp\/v2\/tags?post=1278"}],"curies":[{"name":"wp","href":"https:\/\/api.w.org\/{rel}","templated":true}]}}