{"id":12778,"date":"2015-12-26T03:00:00","date_gmt":"2015-12-26T05:00:00","guid":{"rendered":"http:\/\/catolicanet.net\/wp-cnet\/2015\/12\/26\/tempo-de-ser-familia-crista\/"},"modified":"2017-05-09T09:43:59","modified_gmt":"2017-05-09T12:43:59","slug":"tempo-de-ser-familia-crista","status":"publish","type":"post","link":"https:\/\/catolicanet.net\/wp-cnet\/tempo-de-ser-familia-crista\/","title":{"rendered":"Tempo de ser fam\u00edlia crist\u00e3"},"content":{"rendered":"<p style=\"text-align: justify;\">No Domingo ap\u00f3s o Natal, dentro da oitava, celebra-se a festa da Sagrada Fam\u00edlia: Jesus, Maria e Jos\u00e9. \u00c9 o \u00faltimo domingo do ano civil. O tema fam\u00edlia esteve presente nos \u00faltimos tempos nos notici\u00e1rios devido \u00e0 Assembleia Extraordin\u00e1ria e ao S\u00ednodo dos Bispos sobre o tema. Enquanto aguardarmos o documento p\u00f3s-sinodal rezamos pela fam\u00edlia que, como recorda S\u00e3o Jo\u00e3o Paulo II, \u201c\u00e9 por onde passa o futuro da humanidade\u201d. Celebrar esta solenidade na Oitava do Natal \u00e9 contemplar o ideal de fam\u00edlia que deve ter Jesus Cristo no centro de nossas casas. <br \/> Deus quis manifestar-se aos homens integrado numa fam\u00edlia humana. Ele quis nascer numa fam\u00edlia, quis transformar a fam\u00edlia num pres\u00e9pio vivo. Pode-se dizer que neste domingo celebramos o \u201cDia da Fam\u00edlia\u201d.<br \/> A Palavra de Deus desta solenidade (Eclo. 3, 3-7. 14-17) lembra aos filhos o dever de honrarem pai e m\u00e3e, de socorr\u00ea-los e compadecer-se deles na velhice, ter piedade, ou seja, respeito e dedica\u00e7\u00e3o para com eles; isto \u00e9 cumprimento da vontade de Deus.<br \/> S\u00e3o Paulo, em Cl 3, 12-21, elenca as virtudes que devem reinar na fam\u00edlia: sentimentos de compaix\u00e3o, de bondade, humildade, mansid\u00e3o e paci\u00eancia. Suportarem-se uns aos outros com amor, perdoar-se mutuamente. Revestir-se de caridade e ser agradecidos. Se a fam\u00edlia n\u00e3o estiver alicer\u00e7ada no amor crist\u00e3o, ser\u00e1 muito dif\u00edcil a sua perseveran\u00e7a em harmonia e unidade de cora\u00e7\u00f5es. Quando esse amor existe, tudo se supera, tudo se aceita; mas, se falta esse amor m\u00fatuo, tudo se faz sumamente pesado. E o \u00fanico amor que perdura, n\u00e3o obstante os poss\u00edveis contrastes no seio da fam\u00edlia, \u00e9 aquele que tem o seu fundamento no amor de Deus.<br \/> O Evangelho (Lc 2, 22-40) apresenta passos da vida da Sagrada Fam\u00edlia. Em primeiro lugar, uma fam\u00edlia integrada na comunidade de f\u00e9 de seu tempo. Uma fam\u00edlia que cumpre seus deveres religiosos. Uma fam\u00edlia que vive a realidade do dia-a-dia. O Evangelho tamb\u00e9m relata a experi\u00eancia de Sime\u00e3o, que sente a alegria de ter em seus bra\u00e7os o Divino Salvador, pois seus \u201colhos viram a salva\u00e7\u00e3o\u201d. E profetiza que Ele \u201cest\u00e1 posto para a ru\u00edna e para a ressurrei\u00e7\u00e3o de muitos em Israel\u201d.<br \/> A celebra\u00e7\u00e3o deste domingo nos apresenta a Sagrada Fam\u00edlia como modelo para as nossas. E nos convida a recuperar os valores de uma fam\u00edlia verdadeiramente crist\u00e3, marcada pelo amor, pela fidelidade e pelo casamento indissol\u00favel. Ela deve ser uma comunidade de f\u00e9 e de ora\u00e7\u00e3o, chamada a ser defensora e promotora da vida.<br \/> A Sagrada Fam\u00edlia \u00e9 proposta pela Igreja como modelo de todas as fam\u00edlias crist\u00e3s: na casinha de Nazar\u00e9, Deus ocupa sempre o primeiro lugar e tudo Lhe est\u00e1 subordinado. Os lares crist\u00e3os, se imitarem o da Sagrada Fam\u00edlia de Nazar\u00e9, ser\u00e3o lares luminosos e alegres, porque cada membro da fam\u00edlia se esfor\u00e7ar\u00e1 em primeiro lugar por aprimorar o seu relacionamento pessoal com o Senhor e, com esp\u00edrito de sacrif\u00edcio, procurar\u00e1 ao mesmo tempo chegar a uma conviv\u00eancia cada dia mais am\u00e1vel com todos os da casa.<br \/> A vida em Nazar\u00e9 era laboriosa. Casa pobre, cuja manuten\u00e7\u00e3o exigia a colabora\u00e7\u00e3o de todos. Jos\u00e9, em sua pequena oficina de carpinteiro, m\u00e3os calejadas no manejo dos instrumentos, ainda muito primitivos, de sua arte. Maria, com os arranjos de dona de casa modesta. Diariamente descia \u00e0 fonte \u2013 a mesma que hoje \u00e9 conhecida como fonte da Virgem \u2013 e entre as mulheres do povo, como uma delas, enchia c\u00e2ntaros com que abastecer a casa. Maria distribu\u00eda seu tempo entre o fuso e a cozinha, sem esquecer as ora\u00e7\u00f5es e o estudo da lei e dos Profetas. Jesus, primeiro em casa, \u00e0 M\u00e3e, depois na oficina, a Jos\u00e9, aliviava aos pais o peso do trabalho de cada jornada.<br \/> O Beato Paulo VI nos recorda as li\u00e7\u00f5es de Nazar\u00e9: \u201cNazar\u00e9 \u00e9 a escola onde se come\u00e7a a compreender a vida de Jesus: a escola do Evangelho. Podemos aprender algumas li\u00e7\u00f5es de Nazar\u00e9: \u201cuma li\u00e7\u00e3o de sil\u00eancio. O sil\u00eancio de Nazar\u00e9 ensina-nos o recolhimento, a interioridade, a disposi\u00e7\u00e3o para escutar as boas aspira\u00e7\u00f5es e as palavras dos verdadeiros mestres\u201d. (Alocu\u00e7\u00e3o pronunciada em Nazar\u00e9 a 5 de janeiro de 1964). \u201cUma li\u00e7\u00e3o de vida familiar. Que Nazar\u00e9 nos ensine o que \u00e9 a fam\u00edlia, sua comunh\u00e3o e amor, sua beleza simples e austera, seu car\u00e1ter sagrado e inviol\u00e1vel; aprendamos de Nazar\u00e9 o quanto a forma\u00e7\u00e3o que recebemos \u00e9 doce e insubstitu\u00edvel\u201d (Idem).\u00a0 \u201cUma li\u00e7\u00e3o de trabalho: aqui recordo que o trabalho n\u00e3o pode ser um fim em si mesmo, mas, que sua liberdade e nobreza resultam, mais que de seu valor econ\u00f4mico, dos valores que constituem o seu fim. Como gostaria de saudar aqui todos os trabalhadores do mundo inteiro e mostrar-lhes seu grande modelo, seu divino irm\u00e3o, o profeta de todas as causas justas, o Cristo nosso Senhor\u201d. (Ibidem). <br \/> O Papa Francisco disse com clarivid\u00eancia \u201cA fam\u00edlia \u00e9 um grande gin\u00e1sio de treino para o dom e o perd\u00e3o rec\u00edproco\u201d, e numa sociedade como a hodierna \u201cpor vezes sem piedade, \u00e9 indispens\u00e1vel que haja lugares como a fam\u00edlia, onde aprender a perdoar-se\u201d (Audi\u00eancia geral de 4 de novembro de 2015). Vamos aprender, neste Ano da Miseric\u00f3rdia, a ser fam\u00edlias misericordiosas, escola de perd\u00e3o e de compaix\u00e3o.<br \/> Iluminados pela Palavra de Deus deste domingo ap\u00f3s a festa do Natal, somos chamados a ser fam\u00edlias crist\u00e3s convictas e animadas pelo Esp\u00edrito diante de uma sociedade que est\u00e1 perdendo suas bases e enfrentando uma das piores crises de identidade da hist\u00f3ria.<br \/> Hoje, de modo muito especial, pedimos \u00e0 Sagrada Fam\u00edlia por cada um dos membros da nossa fam\u00edlia e pelo mais necessitado dentre eles. Encerramos com a ora\u00e7\u00e3o \u00e0 Sagrada Fam\u00edlia: \u201c\u00d3 Deus de bondade, que nos destes a Sagrada Fam\u00edlia como exemplo, concedei-nos imitar em nossos lares as suas virtudes, para que, unidos pelos la\u00e7os do amor, possamos chegar um dia \u00e0s alegrias da vossa casa\u201d. Am\u00e9m! (Ora\u00e7\u00e3o da coleta da Missa).<\/p>\n<p>.<\/p>\n","protected":false},"excerpt":{"rendered":"<p>No Domingo ap\u00f3s o Natal, dentro da oitava, celebra-se a festa da Sagrada Fam\u00edlia: Jesus, Maria e Jos\u00e9. \u00c9 o \u00faltimo domingo do ano civil. O tema fam\u00edlia esteve presente nos \u00faltimos tempos nos notici\u00e1rios devido \u00e0 Assembleia Extraordin\u00e1ria e ao S\u00ednodo dos Bispos sobre o tema. Enquanto aguardarmos o documento p\u00f3s-sinodal rezamos pela fam\u00edlia [&hellip;]<\/p>\n","protected":false},"author":5,"featured_media":0,"comment_status":"open","ping_status":"open","sticky":false,"template":"","format":"standard","meta":{"footnotes":""},"categories":[9],"tags":[],"class_list":["post-12778","post","type-post","status-publish","format-standard","hentry","category-artigos"],"_links":{"self":[{"href":"https:\/\/catolicanet.net\/wp-cnet\/wp-json\/wp\/v2\/posts\/12778","targetHints":{"allow":["GET"]}}],"collection":[{"href":"https:\/\/catolicanet.net\/wp-cnet\/wp-json\/wp\/v2\/posts"}],"about":[{"href":"https:\/\/catolicanet.net\/wp-cnet\/wp-json\/wp\/v2\/types\/post"}],"author":[{"embeddable":true,"href":"https:\/\/catolicanet.net\/wp-cnet\/wp-json\/wp\/v2\/users\/5"}],"replies":[{"embeddable":true,"href":"https:\/\/catolicanet.net\/wp-cnet\/wp-json\/wp\/v2\/comments?post=12778"}],"version-history":[{"count":1,"href":"https:\/\/catolicanet.net\/wp-cnet\/wp-json\/wp\/v2\/posts\/12778\/revisions"}],"predecessor-version":[{"id":21793,"href":"https:\/\/catolicanet.net\/wp-cnet\/wp-json\/wp\/v2\/posts\/12778\/revisions\/21793"}],"wp:attachment":[{"href":"https:\/\/catolicanet.net\/wp-cnet\/wp-json\/wp\/v2\/media?parent=12778"}],"wp:term":[{"taxonomy":"category","embeddable":true,"href":"https:\/\/catolicanet.net\/wp-cnet\/wp-json\/wp\/v2\/categories?post=12778"},{"taxonomy":"post_tag","embeddable":true,"href":"https:\/\/catolicanet.net\/wp-cnet\/wp-json\/wp\/v2\/tags?post=12778"}],"curies":[{"name":"wp","href":"https:\/\/api.w.org\/{rel}","templated":true}]}}