{"id":12777,"date":"2015-12-24T03:00:00","date_gmt":"2015-12-24T05:00:00","guid":{"rendered":"http:\/\/catolicanet.net\/wp-cnet\/2015\/12\/24\/o-senhor-esta-no-meio-de-nos\/"},"modified":"2017-05-09T09:46:10","modified_gmt":"2017-05-09T12:46:10","slug":"o-senhor-esta-no-meio-de-nos","status":"publish","type":"post","link":"https:\/\/catolicanet.net\/wp-cnet\/o-senhor-esta-no-meio-de-nos\/","title":{"rendered":"O Senhor est\u00e1 no meio de n\u00f3s!"},"content":{"rendered":"<p style=\"text-align: justify;\">Eis que vos anuncio uma grande alegria: nasceu para n\u00f3s Aquele que \u00e9 a luz que ilumina as trevas do mundo, e Ele veio para salvar a todos do pecado e do mal. Veio para ser o caminho novo, tecido na obedi\u00eancia \u00e0 vontade do Pai que nos quer todos santos.<br \/>Por isso, a volta do ano trouxe-nos a santa celebra\u00e7\u00e3o do Natal do Senhor Nosso Jesus Cristo. Historicamente, o natal\u00edcio do Cristo, nosso Deus, ocorreu h\u00e1 mais de dois mil anos; no entanto, na pot\u00eancia do Santo Esp\u00edrito, o Natal acontece hoje misticamente nos santos mist\u00e9rios que celebramos com piedade e un\u00e7\u00e3o. Cada um de n\u00f3s que participa desta celebra\u00e7\u00e3o sagrada conserve no cora\u00e7\u00e3o essa certeza: nos gestos, nas palavras, nos ritos da Santa Liturgia, a gra\u00e7a do santo Natal do Senhor faz-se realmente presente e verdadeiramente inunda a nossa vida! Para n\u00f3s, aqui reunidos, o Natal \u00e9 hoje, o Natal \u00e9 agora. Aquele que veio e que vir\u00e1, vem hoje para n\u00f3s!<br \/> O Evangelho nos anuncia: \u201cO Verbo se fez carne e habitou entre n\u00f3s!\u201d Em outras palavras: o Filho eterno do Pai, Luz gerada da Luz, Deus verdadeiro gerado eternamente do Deus verdadeiro, para salvar o mundo com a sua piedosa vinda, hoje nasceu homem verdadeiro, homem entre os homens, de Maria, a Virgem!<br \/> O Menino que nasceu para n\u00f3s, o filho que nos foi dado \u00e9 Deus perfeito, \u00e9 o Filho eterno, atrav\u00e9s de quem e para quem tudo foi criado no c\u00e9u e na terra. Ele n\u00e3o \u00e9 uma pessoa humana; \u00e9 uma Pessoa divina, a segunda da Trindade. Este menininho \u00e9 ador\u00e1vel: deve receber toda nossa adora\u00e7\u00e3o, todo o nosso louvor, todo o nosso afeto. No entanto, sendo Deus perfeito, hoje, ele saiu do seio da Sempre Virgem Maria como verdadeiro homem, homem perfeito, com um corpo igual ao nosso, com uma alma igual \u00e0 nossa, com uma vida para viver igual \u00e0 nossa pobre exist\u00eancia!<br \/> Esta Solenidade nos recorda que a humanidade precisa de um Salvador \u2013 e esse Salvador \u00e9 Jesus, nosso Senhor! Ele \u00e9 a nossa \u00fanica Verdade, ele, o nosso \u00fanico Caminho, ele, a verdadeira Vida! N\u00e3o queremos outros mestres, n\u00e3o admitiremos outros senhores, n\u00e3o buscaremos outras verdades. Mais que nunca, nesta quadra t\u00e3o dif\u00edcil da hist\u00f3ria, quando o cristianismo e a Igreja de Cristo s\u00e3o t\u00e3o caluniados e perseguidos, t\u00e3o denegridos de tantas formas e, em especial, pelos meios de comunica\u00e7\u00e3o, hoje, quando ser crist\u00e3o tem se tornado motivo de chacota e manga\u00e7\u00e3o, queremos, uma vez mais, e com todas as nossas for\u00e7as, proclamar nossa total e incondicional ades\u00e3o ao nosso Deus e Senhor Jesus Cristo.<br \/> O Deus eterno e invis\u00edvel torna-se vis\u00edvel no rosto da crian\u00e7a enfaixada e reclinada sobre as palhas da manjedoura! Era um abrigo para animais! O Menino nasceu como nasciam os pobres. \u201cE o Verbo de Deus se fez carne e veio habitar entre n\u00f3s!\u201d N\u00e3o nasceu na cidade e nem no pal\u00e1cio real!\u00a0 Nasceu num abrigo de animais, pobre como os pobres da regi\u00e3o, e recebe a visita de pastores, pobres exclu\u00eddos da sociedade, inclusive, por causa de sua vida n\u00e3o muito correta! <br \/> Nasce pobre e entre pobres, mas \u00e9 o Salvador e o Senhor! Este an\u00fancio feito pelo anjo \u00e9 a \u201cBoa Nova, o Evangelho da alegria!\u201d Deus se compadeceu da humanidade e decidiu salv\u00e1-la; por isso, os anjos cantam: \u201cGl\u00f3ria a Deus no mais alto dos c\u00e9us e paz aos homens a quem Deus quer muito bem!\u201d Hoje, recebemos a \u201cBoa Nova\u201d do amor divino, somos amados por Deus que quer salvar-nos! Natal \u00e9 a alegria da salva\u00e7\u00e3o, especialmente para os pequenos e sofridos deste mundo. Isto foi dito no passado, mas Deus o torna presente e personalizado mediante a celebra\u00e7\u00e3o lit\u00fargica do Natal.<br \/> Os pastores tiveram a decis\u00e3o de ir at\u00e9 Bel\u00e9m. \u201cVamos a Bel\u00e9m ver este acontecimento que o Senhor nos revelou\u201d! Para ver Jesus \u00e9 necess\u00e1rio deslocar-se do nosso comodismo para Bel\u00e9m, para a periferia&#8230; L\u00e1 encontraremos Jesus, o Salvador! Onde estaria, hoje, situada a cidade de Bel\u00e9m? Certamente nas periferias existenciais das nossas cidades onde moram \u201cos pastores\u201d exclu\u00eddos do bem-estar do consumismo. Mas ningu\u00e9m se considere exclu\u00eddo da alegria natalina, pois Jesus nasceu por n\u00f3s todos, pecadores, necessitados de sua gra\u00e7a e de sua vida divina.<br \/> Quero, neste Ano da Miseric\u00f3rdia, levar o meu abra\u00e7o afetuoso a tantos quantos, nas manjedouras espalhadas pelas periferias existenciais de nossa grande metr\u00f3pole, precisam do carinho misericordioso de Deus, que Se fez homem pobre, humilde para nos salvar. Recebam, todos voc\u00eas, meu afeto e a minha proximidade nesta noite santa e neste dia aben\u00e7oado. Vivamos intensamente a miseric\u00f3rdia!<br \/> Quantos motivos para nossa alegria, quantos para nosso j\u00fabilo! Que pessoalmente e em fam\u00edlia, celebremos de modo santo e devoto a Vinda do Nosso grande Deus e Salvador Jesus Cristo, a quem seja dada a gl\u00f3ria com o Pai e o Esp\u00edrito Santo pelos s\u00e9culos dos s\u00e9culos. Am\u00e9m!<\/p>\n","protected":false},"excerpt":{"rendered":"<p>Eis que vos anuncio uma grande alegria: nasceu para n\u00f3s Aquele que \u00e9 a luz que ilumina as trevas do mundo, e Ele veio para salvar a todos do pecado e do mal. Veio para ser o caminho novo, tecido na obedi\u00eancia \u00e0 vontade do Pai que nos quer todos santos.Por isso, a volta do [&hellip;]<\/p>\n","protected":false},"author":5,"featured_media":0,"comment_status":"open","ping_status":"open","sticky":false,"template":"","format":"standard","meta":{"footnotes":""},"categories":[9],"tags":[],"class_list":["post-12777","post","type-post","status-publish","format-standard","hentry","category-artigos"],"_links":{"self":[{"href":"https:\/\/catolicanet.net\/wp-cnet\/wp-json\/wp\/v2\/posts\/12777","targetHints":{"allow":["GET"]}}],"collection":[{"href":"https:\/\/catolicanet.net\/wp-cnet\/wp-json\/wp\/v2\/posts"}],"about":[{"href":"https:\/\/catolicanet.net\/wp-cnet\/wp-json\/wp\/v2\/types\/post"}],"author":[{"embeddable":true,"href":"https:\/\/catolicanet.net\/wp-cnet\/wp-json\/wp\/v2\/users\/5"}],"replies":[{"embeddable":true,"href":"https:\/\/catolicanet.net\/wp-cnet\/wp-json\/wp\/v2\/comments?post=12777"}],"version-history":[{"count":1,"href":"https:\/\/catolicanet.net\/wp-cnet\/wp-json\/wp\/v2\/posts\/12777\/revisions"}],"predecessor-version":[{"id":21796,"href":"https:\/\/catolicanet.net\/wp-cnet\/wp-json\/wp\/v2\/posts\/12777\/revisions\/21796"}],"wp:attachment":[{"href":"https:\/\/catolicanet.net\/wp-cnet\/wp-json\/wp\/v2\/media?parent=12777"}],"wp:term":[{"taxonomy":"category","embeddable":true,"href":"https:\/\/catolicanet.net\/wp-cnet\/wp-json\/wp\/v2\/categories?post=12777"},{"taxonomy":"post_tag","embeddable":true,"href":"https:\/\/catolicanet.net\/wp-cnet\/wp-json\/wp\/v2\/tags?post=12777"}],"curies":[{"name":"wp","href":"https:\/\/api.w.org\/{rel}","templated":true}]}}