{"id":12767,"date":"2015-12-21T19:30:29","date_gmt":"2015-12-21T21:30:29","guid":{"rendered":"http:\/\/catolicanet.net\/wp-cnet\/2015\/12\/21\/qnasceu-para-nos-um-menino-um-filho-nos-foi-dadoq-is-95\/"},"modified":"2017-05-31T13:17:43","modified_gmt":"2017-05-31T16:17:43","slug":"qnasceu-para-nos-um-menino-um-filho-nos-foi-dadoq-is-95","status":"publish","type":"post","link":"https:\/\/catolicanet.net\/wp-cnet\/qnasceu-para-nos-um-menino-um-filho-nos-foi-dadoq-is-95\/","title":{"rendered":"&#8220;&#8230;Nasceu para n\u00f3s um menino, um filho nos foi dado&#8230;&#8221; (Is 9,5)"},"content":{"rendered":"<p><img decoding=\"async\" src=\"http:\/\/catolicanet.com.br\/images\/stories\/st_agnes_presepio_sm-300x225.jpg\" border=\"0\" align=\"left\" \/>A Catolicanet agradece a companhia dos internautas no ano de 2015 e deseja a todos um aben\u00e7oado e santo Natal e um pr\u00f3spero Ano Novo.<\/p>\n<p>Que o nascimento do Cristo Jesus renove nossa esperan\u00e7a, fortale\u00e7a nossa caminhada de f\u00e9, nos encoraje ao perd\u00e3o, ao amor e a miseric\u00f3rdia ao pr\u00f3ximo.<\/p>\n<p>Estaremos em recesso de 22\/12\/2015 a 04\/01\/2016.<\/p>\n<p>\u00a0<\/p>\n<p>Boas Festas!<\/p>\n","protected":false},"excerpt":{"rendered":"<p>A Catolicanet agradece a companhia dos internautas no ano de 2015 e deseja a todos um aben\u00e7oado e santo Natal e um pr\u00f3spero Ano Novo. Que o nascimento do Cristo Jesus renove nossa esperan\u00e7a, fortale\u00e7a nossa caminhada de f\u00e9, nos encoraje ao perd\u00e3o, ao amor e a miseric\u00f3rdia ao pr\u00f3ximo. Estaremos em recesso de 22\/12\/2015 [&hellip;]<\/p>\n","protected":false},"author":1,"featured_media":0,"comment_status":"open","ping_status":"open","sticky":false,"template":"","format":"standard","meta":{"footnotes":""},"categories":[4],"tags":[],"class_list":["post-12767","post","type-post","status-publish","format-standard","hentry","category-cotidiano"],"_links":{"self":[{"href":"https:\/\/catolicanet.net\/wp-cnet\/wp-json\/wp\/v2\/posts\/12767","targetHints":{"allow":["GET"]}}],"collection":[{"href":"https:\/\/catolicanet.net\/wp-cnet\/wp-json\/wp\/v2\/posts"}],"about":[{"href":"https:\/\/catolicanet.net\/wp-cnet\/wp-json\/wp\/v2\/types\/post"}],"author":[{"embeddable":true,"href":"https:\/\/catolicanet.net\/wp-cnet\/wp-json\/wp\/v2\/users\/1"}],"replies":[{"embeddable":true,"href":"https:\/\/catolicanet.net\/wp-cnet\/wp-json\/wp\/v2\/comments?post=12767"}],"version-history":[{"count":1,"href":"https:\/\/catolicanet.net\/wp-cnet\/wp-json\/wp\/v2\/posts\/12767\/revisions"}],"predecessor-version":[{"id":26602,"href":"https:\/\/catolicanet.net\/wp-cnet\/wp-json\/wp\/v2\/posts\/12767\/revisions\/26602"}],"wp:attachment":[{"href":"https:\/\/catolicanet.net\/wp-cnet\/wp-json\/wp\/v2\/media?parent=12767"}],"wp:term":[{"taxonomy":"category","embeddable":true,"href":"https:\/\/catolicanet.net\/wp-cnet\/wp-json\/wp\/v2\/categories?post=12767"},{"taxonomy":"post_tag","embeddable":true,"href":"https:\/\/catolicanet.net\/wp-cnet\/wp-json\/wp\/v2\/tags?post=12767"}],"curies":[{"name":"wp","href":"https:\/\/api.w.org\/{rel}","templated":true}]}}