{"id":12763,"date":"2015-12-21T18:16:10","date_gmt":"2015-12-21T20:16:10","guid":{"rendered":"http:\/\/catolicanet.net\/wp-cnet\/2015\/12\/21\/media-radios-do-grupo-renascenca-promovem-campanhas-de-natal-solidarias\/"},"modified":"2017-05-31T15:49:25","modified_gmt":"2017-05-31T18:49:25","slug":"media-radios-do-grupo-renascenca-promovem-campanhas-de-natal-solidarias","status":"publish","type":"post","link":"https:\/\/catolicanet.net\/wp-cnet\/media-radios-do-grupo-renascenca-promovem-campanhas-de-natal-solidarias\/","title":{"rendered":"Media: R\u00e1dios do Grupo Renascen\u00e7a promovem campanhas de Natal solid\u00e1rias"},"content":{"rendered":"<p style=\"text-align: justify;\"><img decoding=\"async\" src=\"http:\/\/catolicanet.com.br\/images\/stories\/renascenca.jpg\" border=\"0\" align=\"left\" \/>As r\u00e1dios do Grupo Renascen\u00e7a querem aproximar as pessoas neste Natal atrav\u00e9s de campanhas que apoiam duas institui\u00e7\u00f5es, em Almada e no Porto, cumprindo a miss\u00e3o de \u201cajudar a escrever finais felizes\u201d.<\/p>\n<p>\u201cAs campanhas de Natal das nossas r\u00e1dios resultam de uma procura permanente, ao logo do ano, de ser \u00fatil e apoiar os mais fr\u00e1geis, tantas vezes negligenciados, sobretudo em alturas de maior depress\u00e3o social\u201d, explica o administrador do Grupo Renascen\u00e7a Comunica\u00e7\u00e3o Multim\u00e9dia, Jos\u00e9 Lu\u00eds Ramos Pinheiro, num comunicado enviado hoje \u00e0 Ag\u00eancia ECCLESIA.<\/p>\n<p>\u2018Recuperar Vidas\u2019, \u00e9 o \u201cgrande lema\u201d das campanhas de Natal da Renascen\u00e7a e da R\u00e1dio SIM, que v\u00e3o apoiar a associa\u00e7\u00e3o Vale de Ac\u00f3r, em Almada, cujo objetivo \u00e9 \u201cajudar a recuperar pessoas v\u00edtimas de depend\u00eancias\u201d, como droga e \u00e1lcool.<\/p>\n<p>\u201cS\u00e3o homens e mulheres de todas as idades que, por alguma raz\u00e3o, perderam o rumo e encontram no Vale de Ac\u00f3r a ajuda necess\u00e1ria para reconstituir as suas vidas\u201d, informa o comunicado sobre a associa\u00e7\u00e3o que procura, numa das val\u00eancias, a reintrodu\u00e7\u00e3o dos seus residentes no mercado de trabalho.<\/p>\n<p>Quando n\u00e3o \u00e9 poss\u00edvel, o Vale de Ac\u00f3r tenta \u201ccriar postos de trabalho de raiz para os residentes\u201d e, neste momento, precisam de ajuda a abrir uma gelataria em Lisboa, para \u201ccriar postos de trabalho na quinta agr\u00edcola\u201d onde pretendem que sejam produzidos os frutos para vender aqui e para a Casa de Reinser\u00e7\u00e3o.<\/p>\n<p>A Renascen\u00e7a e da R\u00e1dio SIM pedem aos ouvintes que ajudem atrav\u00e9s da campanha \u2018Recuperar Vidas\u2019 que tem uma conta solid\u00e1ria &#8211; Banco Santander Totta- NIB: 001800034093051302023 &#8211; ou atrav\u00e9s do multibanco preenchendo os campos entidade e refer\u00eancia com o n\u00famero 6.<\/p>\n<p>As r\u00e1dios mais jovens do Grupo Renascen\u00e7a Comunica\u00e7\u00e3o Multim\u00e9dia, a RFM e a MEGA HITS apoiam o \u2018SOMOS N\u00d3S\u2019, um centro de atividades ocupacionais para jovens adultos com defici\u00eancia, no Porto.<\/p>\n<p>O comunicado informa que este centro est\u00e1 a precisar de ajuda para \u201cterminar as salas de atividades\u201d que t\u00eam ainda as paredes em tijolo.<\/p>\n<p>\u201cO montante necess\u00e1rio para terminar as obras da casa SOMOS N\u00d3S \u2013 reboco, pintura de paredes, revestimento do ch\u00e3o, carpintarias, aparelhagem el\u00e9trica, ilumina\u00e7\u00e3o e aquecimento &#8211; ronda os 20 mil euros\u201d, acrescenta.<\/p>\n<p>Neste contexto a r\u00e1dio RFM apela a \u201ctodos os ouvintes para que ponham m\u00e3os \u00e0 obra\u201d e a MEGA HITS est\u00e1 a fazer tamb\u00e9m um \u201cimportante trabalho de apoio\u201d \u00e0 divulga\u00e7\u00e3o da campanha.<\/p>\n<p style=\"text-align: justify;\">Fonte: R\u00e1dio Vaticano<\/p>\n","protected":false},"excerpt":{"rendered":"<p>As r\u00e1dios do Grupo Renascen\u00e7a querem aproximar as pessoas neste Natal atrav\u00e9s de campanhas que apoiam duas institui\u00e7\u00f5es, em Almada e no Porto, cumprindo a miss\u00e3o de \u201cajudar a escrever finais felizes\u201d. \u201cAs campanhas de Natal das nossas r\u00e1dios resultam de uma procura permanente, ao logo do ano, de ser \u00fatil e apoiar os mais [&hellip;]<\/p>\n","protected":false},"author":1,"featured_media":0,"comment_status":"open","ping_status":"open","sticky":false,"template":"","format":"standard","meta":{"footnotes":""},"categories":[4],"tags":[],"class_list":["post-12763","post","type-post","status-publish","format-standard","hentry","category-cotidiano"],"_links":{"self":[{"href":"https:\/\/catolicanet.net\/wp-cnet\/wp-json\/wp\/v2\/posts\/12763","targetHints":{"allow":["GET"]}}],"collection":[{"href":"https:\/\/catolicanet.net\/wp-cnet\/wp-json\/wp\/v2\/posts"}],"about":[{"href":"https:\/\/catolicanet.net\/wp-cnet\/wp-json\/wp\/v2\/types\/post"}],"author":[{"embeddable":true,"href":"https:\/\/catolicanet.net\/wp-cnet\/wp-json\/wp\/v2\/users\/1"}],"replies":[{"embeddable":true,"href":"https:\/\/catolicanet.net\/wp-cnet\/wp-json\/wp\/v2\/comments?post=12763"}],"version-history":[{"count":1,"href":"https:\/\/catolicanet.net\/wp-cnet\/wp-json\/wp\/v2\/posts\/12763\/revisions"}],"predecessor-version":[{"id":26956,"href":"https:\/\/catolicanet.net\/wp-cnet\/wp-json\/wp\/v2\/posts\/12763\/revisions\/26956"}],"wp:attachment":[{"href":"https:\/\/catolicanet.net\/wp-cnet\/wp-json\/wp\/v2\/media?parent=12763"}],"wp:term":[{"taxonomy":"category","embeddable":true,"href":"https:\/\/catolicanet.net\/wp-cnet\/wp-json\/wp\/v2\/categories?post=12763"},{"taxonomy":"post_tag","embeddable":true,"href":"https:\/\/catolicanet.net\/wp-cnet\/wp-json\/wp\/v2\/tags?post=12763"}],"curies":[{"name":"wp","href":"https:\/\/api.w.org\/{rel}","templated":true}]}}