{"id":12757,"date":"2015-12-21T14:02:38","date_gmt":"2015-12-21T16:02:38","guid":{"rendered":"http:\/\/catolicanet.net\/wp-cnet\/2015\/12\/21\/pensamento-do-dia-44\/"},"modified":"2017-05-30T11:55:47","modified_gmt":"2017-05-30T14:55:47","slug":"pensamento-do-dia-44","status":"publish","type":"post","link":"https:\/\/catolicanet.net\/wp-cnet\/pensamento-do-dia-44\/","title":{"rendered":"Pensamento do dia"},"content":{"rendered":"<p id=\"MjIwNjI5\" class=\"frase fr0\" style=\"text-align: justify;\">Voc\u00ea pode ter defeitos, viver ansioso  e ficar irritado algumas vezes,mas n\u00e3o se esque\u00e7a de que sua vida \u00e9 a  maior empresa do mundo. E voc\u00ea pode evitar que ela v\u00e1 a fal\u00eancia. H\u00e1  muitas pessoas que precisam, admiram e torcem por voc\u00ea.<\/p>\n<p> Gostaria que voc\u00ea sempre se lembrasse de que ser feliz n\u00e3o \u00e9 ter um c\u00e9u  sem tempestade, caminhos sem acidentes, trabalhos sem fadigas,  relacionamentos sem desilus\u00f5es.<\/p>\n<p> Ser feliz \u00e9 encontrar for\u00e7a no perd\u00e3o, esperan\u00e7a nas batalhas, seguran\u00e7a no palco do medo, amor nos desencontros.<\/p>\n<p> Ser feliz n\u00e3o \u00e9 apenas valorizar o sorriso, mas refletir sobre a  tristeza. N\u00e3o \u00e9 apenas comemorar o sucesso, mas aprender li\u00e7\u00f5es nos  fracassos. N\u00e3o \u00e9 apenas ter j\u00fabilo nos aplausos, mas encontrar alegria  no anonimato.<\/p>\n<p> Ser feliz \u00e9 reconhecer que vale a pena viver, apesar de todos os desafios, incompreens\u00f5es e per\u00edodos de crise.<\/p>\n<p> Ser feliz \u00e9 deixar de ser v\u00edtima dos problemas e se tornar um autor da  pr\u00f3pria hist\u00f3ria. \u00c9 atravessar desertos fora de si, mas ser capaz de  encontrar um o\u00e1sis no rec\u00f4ndito da sua alma. \u00c9 agradecer a Deus a cada  manh\u00e3 pelo milagre da vida.<\/p>\n<p> Ser feliz \u00e9 n\u00e3o ter medo dos pr\u00f3prios sentimentos. \u00c9 saber falar de si  mesmo. \u00c9 ter coragem para ouvir um \u201cn\u00e3o\u201d. \u00c9 ter seguran\u00e7a para receber  uma cr\u00edtica, mesmo que injusta.<\/p>\n<p> Ser feliz \u00e9 deixar viver a crian\u00e7a livre, alegre e simples que mora  dentro de cada um de n\u00f3s. \u00c9 ter maturidade para falar \u201ceu errei\u201d. \u00c9 ter  ousadia para dizer \u201cme perdoe\u201d. \u00c9 ter sensibilidade para expressar \u201ceu  preciso de voc\u00ea\u201d. \u00c9 ter capacidade de dizer \u201ceu te amo\u201d. \u00c9 ter humildade  da receptividade.<\/p>\n<p> Desejo que a vida se torne um canteiro de oportunidades para voc\u00ea ser  feliz. E, quando voc\u00ea errar o caminho, recomece. Pois assim voc\u00ea  descobrir\u00e1 que ser feliz n\u00e3o \u00e9 ter uma vida perfeita. Mas usar as  l\u00e1grimas para irrigar a toler\u00e2ncia. Usar as perdas para refinar a  paci\u00eancia. Usar as falhas para lapidar o prazer. Usar os obst\u00e1culos para  abrir as janelas da intelig\u00eancia.<\/p>\n<p> Jamais desista de si mesmo.<br \/> Jamais desista das pessoas que voc\u00ea ama.<br \/> Jamais desista de ser feliz, pois a vida \u00e9 um espet\u00e1culo imperd\u00edvel,  ainda que se apresentem dezenas de fatores a demonstrarem o contr\u00e1rio.<\/p>\n<p style=\"text-align: justify;\"><span class=\"autor\"> <a href=\"http:\/\/pensador.uol.com.br\/autor\/augusto_cury\/\">Augusto Cury<\/a> <\/span><\/p>\n","protected":false},"excerpt":{"rendered":"<p>Voc\u00ea pode ter defeitos, viver ansioso e ficar irritado algumas vezes,mas n\u00e3o se esque\u00e7a de que sua vida \u00e9 a maior empresa do mundo. E voc\u00ea pode evitar que ela v\u00e1 a fal\u00eancia. H\u00e1 muitas pessoas que precisam, admiram e torcem por voc\u00ea. Gostaria que voc\u00ea sempre se lembrasse de que ser feliz n\u00e3o \u00e9 [&hellip;]<\/p>\n","protected":false},"author":1,"featured_media":0,"comment_status":"open","ping_status":"open","sticky":false,"template":"","format":"standard","meta":{"footnotes":""},"categories":[4],"tags":[],"class_list":["post-12757","post","type-post","status-publish","format-standard","hentry","category-cotidiano"],"_links":{"self":[{"href":"https:\/\/catolicanet.net\/wp-cnet\/wp-json\/wp\/v2\/posts\/12757","targetHints":{"allow":["GET"]}}],"collection":[{"href":"https:\/\/catolicanet.net\/wp-cnet\/wp-json\/wp\/v2\/posts"}],"about":[{"href":"https:\/\/catolicanet.net\/wp-cnet\/wp-json\/wp\/v2\/types\/post"}],"author":[{"embeddable":true,"href":"https:\/\/catolicanet.net\/wp-cnet\/wp-json\/wp\/v2\/users\/1"}],"replies":[{"embeddable":true,"href":"https:\/\/catolicanet.net\/wp-cnet\/wp-json\/wp\/v2\/comments?post=12757"}],"version-history":[{"count":1,"href":"https:\/\/catolicanet.net\/wp-cnet\/wp-json\/wp\/v2\/posts\/12757\/revisions"}],"predecessor-version":[{"id":24533,"href":"https:\/\/catolicanet.net\/wp-cnet\/wp-json\/wp\/v2\/posts\/12757\/revisions\/24533"}],"wp:attachment":[{"href":"https:\/\/catolicanet.net\/wp-cnet\/wp-json\/wp\/v2\/media?parent=12757"}],"wp:term":[{"taxonomy":"category","embeddable":true,"href":"https:\/\/catolicanet.net\/wp-cnet\/wp-json\/wp\/v2\/categories?post=12757"},{"taxonomy":"post_tag","embeddable":true,"href":"https:\/\/catolicanet.net\/wp-cnet\/wp-json\/wp\/v2\/tags?post=12757"}],"curies":[{"name":"wp","href":"https:\/\/api.w.org\/{rel}","templated":true}]}}