{"id":12753,"date":"2015-12-21T12:51:47","date_gmt":"2015-12-21T14:51:47","guid":{"rendered":"http:\/\/catolicanet.net\/wp-cnet\/2015\/12\/21\/americachile-o-bispo-de-temuco-qe-preciso-resolver-o-conflito-mapucheq\/"},"modified":"2017-05-31T13:53:06","modified_gmt":"2017-05-31T16:53:06","slug":"americachile-o-bispo-de-temuco-qe-preciso-resolver-o-conflito-mapucheq","status":"publish","type":"post","link":"https:\/\/catolicanet.net\/wp-cnet\/americachile-o-bispo-de-temuco-qe-preciso-resolver-o-conflito-mapucheq\/","title":{"rendered":"AM\u00c9RICA\/CHILE &#8211; O Bispo de Temuco: &#8220;\u00c9 preciso resolver o conflito Mapuche&#8221;"},"content":{"rendered":"<p style=\"text-align: justify;\">Temuco (Ag\u00eancia Fides) \u2013 &#8220;Em Araucania, existe uma complexa situa\u00e7\u00e3o. De um lado, h\u00e1 uma d\u00edvida hist\u00f3rica com o povo Mapuche. De outro, atos de viol\u00eancia aumentam e se difundem, com todos os problemas que isso comporta&#8221;, afirma Dom H\u00e9ctor Eduardo Vargas Bastidas, S.D.B., bispo da diocese de Temuco (Chile), intervindo sobre o hist\u00f3rico conflito que envolve o povo Mapuche.<br \/>Dom Vargas afirma numa nota enviada a Fides: &#8220;O governo regional est\u00e1 levando avante um trabalho que merece reconhecimento, com o referendo junto \u00e0s comunidades mapuche. \u00c9 o que faltava e \u00e9 disso de que a sociedade necessita&#8221;.<br \/>Dom Vargas, falando em vista do Natal, recordou: &#8220;As atividades pastorais da Diocese de Temuco envolvem cerca de mil comunidades Mapuche. E este trabalho significa tamb\u00e9m valorizar a dignidade, a cultura e os direitos do povo Mapuche, promovendo institui\u00e7\u00f5es que melhoram sua qualidade de vida, como a forma\u00e7\u00e3o de microempresas e o aumento da produtividade de suas terras&#8221;.<br \/>O Bispos apreciou o an\u00fancio do governo, que at\u00e9 o final do ano &#8220;pretende entregar ao Congresso o projeto do Minist\u00e9rio dos Assuntos Ind\u00edgenas e a cria\u00e7\u00e3o de um Conselho dos Povos&#8221;, e acrescentou: &#8220;A Igreja espera poder dar a sua contribui\u00e7\u00e3o nesta fase. Devemos resolver o problema da cria\u00e7\u00e3o de novas comunidades, ver os termos de representatividade parlamentar dos povos ind\u00edgenas e estudar os crit\u00e9rios para a entrega dos terrenos&#8221;, concluiu Dom Vargas.<br \/>Na Araucan\u00eda Chilena, a cerca de 700 km ao sul da capital, o chamado \u201cconflito Mapuche\u201d contrap\u00f5e desde os anos 90 o maior e mais importante grupo \u00e9tnico do pa\u00eds aos agricultores e empres\u00e1rios por causa da propriedade de terra. Os Mapuche, de fato, sempre consideraram essas terras como &#8220;patrim\u00f4nio ancestral&#8221;. Nas \u00faltimas semanas, houve epis\u00f3dios de violentos confrontos entre \u00edndios mapuche e membros de algumas comunidades de agricultores da regi\u00e3o.<\/p>\n<p style=\"text-align: justify;\">Fonte: Ag\u00eancia Fides<\/p>\n","protected":false},"excerpt":{"rendered":"<p>Temuco (Ag\u00eancia Fides) \u2013 &#8220;Em Araucania, existe uma complexa situa\u00e7\u00e3o. De um lado, h\u00e1 uma d\u00edvida hist\u00f3rica com o povo Mapuche. De outro, atos de viol\u00eancia aumentam e se difundem, com todos os problemas que isso comporta&#8221;, afirma Dom H\u00e9ctor Eduardo Vargas Bastidas, S.D.B., bispo da diocese de Temuco (Chile), intervindo sobre o hist\u00f3rico conflito [&hellip;]<\/p>\n","protected":false},"author":1,"featured_media":0,"comment_status":"open","ping_status":"open","sticky":false,"template":"","format":"standard","meta":{"footnotes":""},"categories":[4],"tags":[],"class_list":["post-12753","post","type-post","status-publish","format-standard","hentry","category-cotidiano"],"_links":{"self":[{"href":"https:\/\/catolicanet.net\/wp-cnet\/wp-json\/wp\/v2\/posts\/12753","targetHints":{"allow":["GET"]}}],"collection":[{"href":"https:\/\/catolicanet.net\/wp-cnet\/wp-json\/wp\/v2\/posts"}],"about":[{"href":"https:\/\/catolicanet.net\/wp-cnet\/wp-json\/wp\/v2\/types\/post"}],"author":[{"embeddable":true,"href":"https:\/\/catolicanet.net\/wp-cnet\/wp-json\/wp\/v2\/users\/1"}],"replies":[{"embeddable":true,"href":"https:\/\/catolicanet.net\/wp-cnet\/wp-json\/wp\/v2\/comments?post=12753"}],"version-history":[{"count":1,"href":"https:\/\/catolicanet.net\/wp-cnet\/wp-json\/wp\/v2\/posts\/12753\/revisions"}],"predecessor-version":[{"id":26698,"href":"https:\/\/catolicanet.net\/wp-cnet\/wp-json\/wp\/v2\/posts\/12753\/revisions\/26698"}],"wp:attachment":[{"href":"https:\/\/catolicanet.net\/wp-cnet\/wp-json\/wp\/v2\/media?parent=12753"}],"wp:term":[{"taxonomy":"category","embeddable":true,"href":"https:\/\/catolicanet.net\/wp-cnet\/wp-json\/wp\/v2\/categories?post=12753"},{"taxonomy":"post_tag","embeddable":true,"href":"https:\/\/catolicanet.net\/wp-cnet\/wp-json\/wp\/v2\/tags?post=12753"}],"curies":[{"name":"wp","href":"https:\/\/api.w.org\/{rel}","templated":true}]}}