{"id":12744,"date":"2015-12-21T12:00:32","date_gmt":"2015-12-21T14:00:32","guid":{"rendered":"http:\/\/catolicanet.net\/wp-cnet\/2015\/12\/21\/editorial-vencer-a-indiferenca\/"},"modified":"2017-06-02T10:25:27","modified_gmt":"2017-06-02T13:25:27","slug":"editorial-vencer-a-indiferenca","status":"publish","type":"post","link":"https:\/\/catolicanet.net\/wp-cnet\/editorial-vencer-a-indiferenca\/","title":{"rendered":"Editorial: Vencer a indiferen\u00e7a"},"content":{"rendered":"<p style=\"text-align: justify;\"><img decoding=\"async\" src=\"http:\/\/catolicanet.com.br\/images\/stories\/1526936_articolo.jpg\" border=\"0\" align=\"left\" \/>O primeiro inimigo da paz \u00e9 a indiferen\u00e7a dos homens pelos pr\u00f3prios semelhantes, gerada pela rejei\u00e7\u00e3o a Deus. Este o in\u00edcio da Mensagem do Papa Francisco para o Dia Mundial da Paz que celebraremos no pr\u00f3ximo dia 1\u00ba de janeiro de 2016: um convite a nos comprometermos com confian\u00e7a na constru\u00e7\u00e3o da paz, porque se \u00e9 verdade que a paz \u00e9 dom de Deus, tamb\u00e9m \u00e9 verdade que a sua realiza\u00e7\u00e3o est\u00e1 confiada aos homens e mulheres de boa vontade.<\/p>\n<p>Estamos concluindo um ano que apresenta um balan\u00e7o doloroso para a paz. Terrorismo e conflitos parecem confirmar a teoria da \u201cterceira guerra mundial em peda\u00e7os\u201d. Ainda assim, h\u00e1 raz\u00f5es de esperan\u00e7a e o Papa Francisco na sua Mensagem para o Dia Mundial da Paz as identifica precisamente em alguns recentes eventos internacionais, como o Acordo de Paris sobre o clima ou a Agenda ONU 2030 para o desenvolvimento sustent\u00e1vel. S\u00e3o situa\u00e7\u00f5es que levam a acreditar na capacidade da humanidade de agir em conjunto em um esp\u00edrito de solidariedade. Uma atitude, observa o Papa, que se une ao da Igreja dos \u00faltimos 50 anos, orientada ao di\u00e1logo, \u00e0 solidariedade e \u00e0 miseric\u00f3rdia.<\/p>\n<p>As amea\u00e7as \u00e0 paz, no entanto, s\u00e3o concretas e derivam principalmente da indiferen\u00e7a para com o pr\u00f3ximo e do n\u00e3o respeito \u00e0 Cria\u00e7\u00e3o. Um comportamento de isolamento t\u00e3o generalizado que o Papa Francisco indica com a terminologia, \u201cglobaliza\u00e7\u00e3o da indiferen\u00e7a\u201d. Um mal que \u00e9 gerado, principalmente, pela indiferen\u00e7a que o homem tem em rela\u00e7\u00e3o a Deus. \u00c9 da ruptura desta rela\u00e7\u00e3o preferencial que nascem os males da sociedade e que o Papa Francisco denuncia frequentemente: a corrup\u00e7\u00e3o, a destrui\u00e7\u00e3o do ambiente, a falta de compaix\u00e3o pelos outros.<\/p>\n<p>O caminho indicado por Francisco para combater a globaliza\u00e7\u00e3o da indiferen\u00e7a passa por uma profunda convers\u00e3o do cora\u00e7\u00e3o do homem, uma convers\u00e3o que permita atrav\u00e9s da gra\u00e7a de Deus voltar a ser capaz de se abrir aos outros com aut\u00eantica solidariedade.<\/p>\n<p>E os primeiros atores a serem chamados em causa como promotores de valores de liberdade, respeito rec\u00edproco e solidariedade s\u00e3o as fam\u00edlias, os educadores, os comunicadores. E precisamente neste contexto o Papa cita o exemplo negativo daqueles comunicadores que d\u00e3o mais import\u00e2ncia ao modo como conseguem e difundem as informa\u00e7\u00f5es.<\/p>\n<p>Mas o mundo de hoje est\u00e1 cheio de exemplos positivos, solid\u00e1rios e misericordiosos: o Papa recorda as organiza\u00e7\u00f5es que se ocupam dos direitos humanos e as associa\u00e7\u00f5es de caridade, em particular as realidades que trabalham ajudando os migrantes em dificuldades.<\/p>\n<p>O Jubileu da Miseric\u00f3rdia, que apenas iniciamos, representa ent\u00e3o, uma oportunidade para refletir sobre o grau de indiferen\u00e7a que reside no cora\u00e7\u00e3o de cada um de n\u00f3s, de como derrot\u00e1-la e de como se comprometer para melhorar a realidade que nos circunda.<\/p>\n<p>O convite do Papa na sua Mensagem para o Dia Mundial da Paz 2016 \u00e9 \u201cvencer a indiferen\u00e7a\u201d que anestesia o nosso cora\u00e7\u00e3o e adormece a nossa consci\u00eancia. Em \u00e1rabe \u2018miseric\u00f3rdia\u2019 significa \u2018ventre\u2019. Isto significa \u2013 disse o jesu\u00edta Pe Oliver Borg \u2013 que quando o homem est\u00e1 em sua mis\u00e9ria e fragilidade maior, Deus o pega e o leva ao seu ventre materno e com o seu calor e afeto lhe d\u00e1 novamente vida. N\u00f3s, cancelando a indiferen\u00e7a com o nosso afeto pelo outro, atentos aos mais pobres e necessitados, poderemos dar novamente vida a todos aqueles que encontramos no nosso caminho. (Silvonei Jos\u00e9)<\/p>\n<p style=\"text-align: justify;\">Fonte: R\u00e1dio Vaticano<\/p>\n","protected":false},"excerpt":{"rendered":"<p>O primeiro inimigo da paz \u00e9 a indiferen\u00e7a dos homens pelos pr\u00f3prios semelhantes, gerada pela rejei\u00e7\u00e3o a Deus. Este o in\u00edcio da Mensagem do Papa Francisco para o Dia Mundial da Paz que celebraremos no pr\u00f3ximo dia 1\u00ba de janeiro de 2016: um convite a nos comprometermos com confian\u00e7a na constru\u00e7\u00e3o da paz, porque se [&hellip;]<\/p>\n","protected":false},"author":1,"featured_media":0,"comment_status":"open","ping_status":"open","sticky":false,"template":"","format":"standard","meta":{"footnotes":""},"categories":[3],"tags":[],"class_list":["post-12744","post","type-post","status-publish","format-standard","hentry","category-vaticano"],"_links":{"self":[{"href":"https:\/\/catolicanet.net\/wp-cnet\/wp-json\/wp\/v2\/posts\/12744","targetHints":{"allow":["GET"]}}],"collection":[{"href":"https:\/\/catolicanet.net\/wp-cnet\/wp-json\/wp\/v2\/posts"}],"about":[{"href":"https:\/\/catolicanet.net\/wp-cnet\/wp-json\/wp\/v2\/types\/post"}],"author":[{"embeddable":true,"href":"https:\/\/catolicanet.net\/wp-cnet\/wp-json\/wp\/v2\/users\/1"}],"replies":[{"embeddable":true,"href":"https:\/\/catolicanet.net\/wp-cnet\/wp-json\/wp\/v2\/comments?post=12744"}],"version-history":[{"count":1,"href":"https:\/\/catolicanet.net\/wp-cnet\/wp-json\/wp\/v2\/posts\/12744\/revisions"}],"predecessor-version":[{"id":27903,"href":"https:\/\/catolicanet.net\/wp-cnet\/wp-json\/wp\/v2\/posts\/12744\/revisions\/27903"}],"wp:attachment":[{"href":"https:\/\/catolicanet.net\/wp-cnet\/wp-json\/wp\/v2\/media?parent=12744"}],"wp:term":[{"taxonomy":"category","embeddable":true,"href":"https:\/\/catolicanet.net\/wp-cnet\/wp-json\/wp\/v2\/categories?post=12744"},{"taxonomy":"post_tag","embeddable":true,"href":"https:\/\/catolicanet.net\/wp-cnet\/wp-json\/wp\/v2\/tags?post=12744"}],"curies":[{"name":"wp","href":"https:\/\/api.w.org\/{rel}","templated":true}]}}