{"id":12740,"date":"2015-12-21T11:40:30","date_gmt":"2015-12-21T13:40:30","guid":{"rendered":"http:\/\/catolicanet.net\/wp-cnet\/2015\/12\/21\/papa-apresenta-os-qantibioticosq-para-combater-as-doencas-curiais\/"},"modified":"2017-06-02T11:42:48","modified_gmt":"2017-06-02T14:42:48","slug":"papa-apresenta-os-qantibioticosq-para-combater-as-doencas-curiais","status":"publish","type":"post","link":"https:\/\/catolicanet.net\/wp-cnet\/papa-apresenta-os-qantibioticosq-para-combater-as-doencas-curiais\/","title":{"rendered":"Papa apresenta os &#8220;antibi\u00f3ticos&#8221; para combater as doen\u00e7as curiais"},"content":{"rendered":"<p style=\"text-align: justify;\"><img decoding=\"async\" src=\"http:\/\/catolicanet.com.br\/images\/stories\/afp4822997_articolo.jpg\" border=\"0\" align=\"left\" \/>A palavra miseric\u00f3rdia guiou as felicita\u00e7\u00f5es que o Papa Francisco fez a seus colaboradores da C\u00faria Romana, recebidos em aud\u00eancia na manh\u00e3 de segunda-feira (21\/12).<\/p>\n<p>Depois do \u201ccat\u00e1logo das doen\u00e7as curiais\u201d apresentado no ano passado, este ano o Pont\u00edfice prop\u00f4s o \u201ccat\u00e1logo das virtudes necess\u00e1rias\u201d para quem presta servi\u00e7o na C\u00faria. Isto \u00e9, como disse Francisco, &#8220;os antibi\u00f3ticos curiais&#8221;.<\/p>\n<p>Doen\u00e7as curiais<\/p>\n<p>No decorrer de 2015, constatou o Papa, algumas das doen\u00e7as citadas acabaram por se manifestar novamente, causando sofrimento e feridas. Por isso, foi necess\u00e1rio intervir e tomar medidas decisivas. \u201cA reforma prosseguir\u00e1 com determina\u00e7\u00e3o, lucidez e ardor\u201d, reafirmou Francisco.<\/p>\n<p>Entretanto, ponderou, \u201cnem as doen\u00e7as nem mesmo os esc\u00e2ndalos poder\u00e3o esconder a efici\u00eancia dos servi\u00e7os que a C\u00faria Romana presta ao Papa e \u00e0 Igreja inteira. Seria grande injusti\u00e7a n\u00e3o expressar gratid\u00e3o e encorajamento a todas as pessoas s\u00e3s e honestas que trabalham com dedica\u00e7\u00e3o\u201d.<\/p>\n<p>Virtudes necess\u00e1rias<\/p>\n<p>O \u201ccat\u00e1logo das virtudes necess\u00e1rias\u201d \u00e9 dividido em 12 pontos, e tem como \u201cguia e farol\u201d a palavra miseric\u00f3rdia. \u201cTrata-se de um instrumento pr\u00e1tico para viver frutuosamente este tempo de gra\u00e7a\u201d, explicou Francisco, convidando seus colaboradores a aprofund\u00e1-lo, enriquec\u00ea-lo e complet\u00e1-lo.<\/p>\n<p>Cada ponto \u00e9 composto por duas palavras \u2013 virtudes, atitudes ou valores \u2013 sobre as quais o Pont\u00edfice faz a sua reflex\u00e3o.<\/p>\n<p>Assim, s\u00e3o necess\u00e1rios honestidade e maturidade, espiritualidade e humanidade, respeito e humildade, caridade e verdade para se combater indica\u00e7\u00f5es, subornos, esc\u00e2ndalos, burocracia, superficialidade e a l\u00f3gica consumista.<\/p>\n<p>\u201cA humanidade \u00e9 saber mostrar ternura, familiaridade e gentileza com todos.\u201d<\/p>\n<p> Ou ainda: \u201cExemplaridade para evitar os esc\u00e2ndalos que ferem as almas e amea\u00e7am a credibilidade do nosso testemunho. Fidelidade \u00e0 nossa consagra\u00e7\u00e3o, \u00e0 nossa voca\u00e7\u00e3o.\u201d \u201cA honestidade \u00e9 a base sobre a qual assentam todas as outras qualidades.\u201d<\/p>\n<p>E tamb\u00e9m: \u201cO respeito \u00e9 dote das almas nobres e delicadas; das pessoas que procuram sempre ter em justa considera\u00e7\u00e3o os outros, a sua fun\u00e7\u00e3o, os superiores e os subordinados, os problemas, os documentos, o segredo e a confidencialidade.\u201d<\/p>\n<p>\u201cA sobriedade \u00e9 a capacidade de renunciar ao sup\u00e9rfluo e resistir \u00e2 l\u00f3gica consumista dominante.\u201d<\/p>\n<p>Miseric\u00f3rdia<\/p>\n<p>\u201cNa realidade, \u00e9 in\u00fatil abrir todas as Portas Santas de todas as bas\u00edlicas do mundo, se a porta do nosso cora\u00e7\u00e3o est\u00e1 fechada ao amor\u201d, afirmou o Papa, acrescentando:<\/p>\n<p>\u201cA miseric\u00f3rdia n\u00e3o \u00e9 um sentimento passageiro, mas \u00e9 a s\u00edntese da Boa Nova. Seja a miseric\u00f3rdia a guiar os nossos passos, a inspirar as nossas reformas, a iluminar as nossas decis\u00f5es; seja ela a fazer-nos ler a pequenez das nossas a\u00e7\u00f5es no grande projeto de salva\u00e7\u00e3o de Deus.\u201d<\/p>\n<p>Francisco encerrou a reflex\u00e3o a seus colaboradores da C\u00faria Romana com uma ora\u00e7\u00e3o atribu\u00edda ao Beato \u00d3scar Arnulfo Romero.<\/p>\n<p>Confira o t\u00edtulo dos 12 pontos:<\/p>\n<p>1.\u00a0\u00a0\u00a0\u00a0 Missionariedade e pastorea\u00e7\u00e3o<\/p>\n<p>2.\u00a0\u00a0\u00a0\u00a0 Idoneidade e sag\u00e1cia<\/p>\n<p>3.\u00a0\u00a0\u00a0\u00a0 ESpiritualidade e humanidade<\/p>\n<p>4.\u00a0\u00a0\u00a0\u00a0 Exemplaridade e fidelidade<\/p>\n<p>5.\u00a0\u00a0\u00a0\u00a0 Racionalidade e amabilidade<\/p>\n<p>6.\u00a0\u00a0\u00a0\u00a0 Inocuidade e determina\u00e7\u00e3o<\/p>\n<p>7.\u00a0\u00a0\u00a0\u00a0 Caridade e verdade<\/p>\n<p>8.\u00a0\u00a0\u00a0\u00a0 HOnestidade e maturidade<\/p>\n<p>9.\u00a0\u00a0\u00a0\u00a0 Respeito e humildade<\/p>\n<p>10.\u00a0\u00a0 Dadivoso e atento<\/p>\n<p>11.\u00a0\u00a0 Impavidez e prontid\u00e3o<\/p>\n<p>12.\u00a0\u00a0 FiAbilidade e sobriedade<\/p>\n<p style=\"text-align: justify;\">Fonte: R\u00e1dio Vaticano<\/p>\n","protected":false},"excerpt":{"rendered":"<p>A palavra miseric\u00f3rdia guiou as felicita\u00e7\u00f5es que o Papa Francisco fez a seus colaboradores da C\u00faria Romana, recebidos em aud\u00eancia na manh\u00e3 de segunda-feira (21\/12). Depois do \u201ccat\u00e1logo das doen\u00e7as curiais\u201d apresentado no ano passado, este ano o Pont\u00edfice prop\u00f4s o \u201ccat\u00e1logo das virtudes necess\u00e1rias\u201d para quem presta servi\u00e7o na C\u00faria. Isto \u00e9, como disse [&hellip;]<\/p>\n","protected":false},"author":1,"featured_media":0,"comment_status":"open","ping_status":"open","sticky":false,"template":"","format":"standard","meta":{"footnotes":""},"categories":[3],"tags":[],"class_list":["post-12740","post","type-post","status-publish","format-standard","hentry","category-vaticano"],"_links":{"self":[{"href":"https:\/\/catolicanet.net\/wp-cnet\/wp-json\/wp\/v2\/posts\/12740","targetHints":{"allow":["GET"]}}],"collection":[{"href":"https:\/\/catolicanet.net\/wp-cnet\/wp-json\/wp\/v2\/posts"}],"about":[{"href":"https:\/\/catolicanet.net\/wp-cnet\/wp-json\/wp\/v2\/types\/post"}],"author":[{"embeddable":true,"href":"https:\/\/catolicanet.net\/wp-cnet\/wp-json\/wp\/v2\/users\/1"}],"replies":[{"embeddable":true,"href":"https:\/\/catolicanet.net\/wp-cnet\/wp-json\/wp\/v2\/comments?post=12740"}],"version-history":[{"count":1,"href":"https:\/\/catolicanet.net\/wp-cnet\/wp-json\/wp\/v2\/posts\/12740\/revisions"}],"predecessor-version":[{"id":28291,"href":"https:\/\/catolicanet.net\/wp-cnet\/wp-json\/wp\/v2\/posts\/12740\/revisions\/28291"}],"wp:attachment":[{"href":"https:\/\/catolicanet.net\/wp-cnet\/wp-json\/wp\/v2\/media?parent=12740"}],"wp:term":[{"taxonomy":"category","embeddable":true,"href":"https:\/\/catolicanet.net\/wp-cnet\/wp-json\/wp\/v2\/categories?post=12740"},{"taxonomy":"post_tag","embeddable":true,"href":"https:\/\/catolicanet.net\/wp-cnet\/wp-json\/wp\/v2\/tags?post=12740"}],"curies":[{"name":"wp","href":"https:\/\/api.w.org\/{rel}","templated":true}]}}