{"id":12729,"date":"2015-12-18T16:56:32","date_gmt":"2015-12-18T18:56:32","guid":{"rendered":"http:\/\/catolicanet.net\/wp-cnet\/2015\/12\/18\/ele-tem-4-anos-e-fez-o-papai-noel-se-ajoelhar-e-rezar-por-um-presente-desconcertante\/"},"modified":"2017-05-31T15:04:06","modified_gmt":"2017-05-31T18:04:06","slug":"ele-tem-4-anos-e-fez-o-papai-noel-se-ajoelhar-e-rezar-por-um-presente-desconcertante","status":"publish","type":"post","link":"https:\/\/catolicanet.net\/wp-cnet\/ele-tem-4-anos-e-fez-o-papai-noel-se-ajoelhar-e-rezar-por-um-presente-desconcertante\/","title":{"rendered":"Ele tem 4 anos e fez o Papai Noel se ajoelhar e rezar por um presente desconcertante"},"content":{"rendered":"<p style=\"text-align: justify;\"><img decoding=\"async\" src=\"http:\/\/catolicanet.com.br\/images\/stories\/menino-de-4-anos.jpg\" border=\"0\" align=\"left\" \/>Que tipo de pessoa pede, como presente pr\u00f3prio, algo capaz de nos deixar t\u00e3o sem palavras?<\/p>\n<p>Nas \u00faltimas horas, as redes sociais t\u00eam se comovido com a foto de um menino de joelhos ao lado do Papai Noel.<\/p>\n<p>Prestyn Barnette tem apenas 4 anos. No \u00faltimo fim de semana, ele foi ao shopping Dutch Square Mall, em Columbia, na Carolina do Sul (Estados Unidos), para \u201cconhecer\u201d o \u201cBom Velhinho\u201d e fazer seus pedidos de Natal.<\/p>\n<p>Mas Prestyn surpreendeu o Papai Noel: al\u00e9m de um trem, ele pediu que os dois rezassem juntos a Deus pela vida de um menino chamado Knox Joseph, que, a milhares de quil\u00f4metros de dist\u00e2ncia, lutava pela vida.<\/p>\n<p>Prestyn soube a respeito de Knox atrav\u00e9s da av\u00f3, que participa de um grupo de ora\u00e7\u00e3o no Facebook.<\/p>\n<p>Na inoc\u00eancia do seu cora\u00e7\u00e3o, o pequeno de apenas 4 anos pediu como presente de Natal que o Papai Noel rezasse por uma crian\u00e7a cuja vida est\u00e1 em perigo!<\/p>\n<p>Que tipo de pessoa pede, como presente pr\u00f3prio, que algu\u00e9m reze por uma vida desconhecida?<\/p>\n<p>O tipo de pessoa, provavelmente, que muda o mundo.<\/p>\n<p>Prestyn, do alto de seus 4 anos de idade, n\u00e3o s\u00f3 se ajoelhou e orou a Deus pela vida de uma crian\u00e7a distante: ele nos lembrou o que \u00e9 o Natal de verdade.<\/p>\n<p>Al\u00e9m de seguir o seu exemplo e orar a Deus de joelhos pela vida do nosso irm\u00e3o, especialmente do irm\u00e3o em perigo, carente e doente, vamos ser generosos tamb\u00e9m materialmente e ajudar a fam\u00edlia de Knox Joseph?<\/p>\n<p style=\"text-align: justify;\">Fonte: Aleteia<\/p>\n","protected":false},"excerpt":{"rendered":"<p>Que tipo de pessoa pede, como presente pr\u00f3prio, algo capaz de nos deixar t\u00e3o sem palavras? Nas \u00faltimas horas, as redes sociais t\u00eam se comovido com a foto de um menino de joelhos ao lado do Papai Noel. Prestyn Barnette tem apenas 4 anos. No \u00faltimo fim de semana, ele foi ao shopping Dutch Square [&hellip;]<\/p>\n","protected":false},"author":1,"featured_media":0,"comment_status":"open","ping_status":"open","sticky":false,"template":"","format":"standard","meta":{"footnotes":""},"categories":[4],"tags":[],"class_list":["post-12729","post","type-post","status-publish","format-standard","hentry","category-cotidiano"],"_links":{"self":[{"href":"https:\/\/catolicanet.net\/wp-cnet\/wp-json\/wp\/v2\/posts\/12729","targetHints":{"allow":["GET"]}}],"collection":[{"href":"https:\/\/catolicanet.net\/wp-cnet\/wp-json\/wp\/v2\/posts"}],"about":[{"href":"https:\/\/catolicanet.net\/wp-cnet\/wp-json\/wp\/v2\/types\/post"}],"author":[{"embeddable":true,"href":"https:\/\/catolicanet.net\/wp-cnet\/wp-json\/wp\/v2\/users\/1"}],"replies":[{"embeddable":true,"href":"https:\/\/catolicanet.net\/wp-cnet\/wp-json\/wp\/v2\/comments?post=12729"}],"version-history":[{"count":1,"href":"https:\/\/catolicanet.net\/wp-cnet\/wp-json\/wp\/v2\/posts\/12729\/revisions"}],"predecessor-version":[{"id":26855,"href":"https:\/\/catolicanet.net\/wp-cnet\/wp-json\/wp\/v2\/posts\/12729\/revisions\/26855"}],"wp:attachment":[{"href":"https:\/\/catolicanet.net\/wp-cnet\/wp-json\/wp\/v2\/media?parent=12729"}],"wp:term":[{"taxonomy":"category","embeddable":true,"href":"https:\/\/catolicanet.net\/wp-cnet\/wp-json\/wp\/v2\/categories?post=12729"},{"taxonomy":"post_tag","embeddable":true,"href":"https:\/\/catolicanet.net\/wp-cnet\/wp-json\/wp\/v2\/tags?post=12729"}],"curies":[{"name":"wp","href":"https:\/\/api.w.org\/{rel}","templated":true}]}}