{"id":12721,"date":"2015-12-18T13:41:21","date_gmt":"2015-12-18T15:41:21","guid":{"rendered":"http:\/\/catolicanet.net\/wp-cnet\/2015\/12\/18\/qmilagreq-na-china-10-mil-catolicos-clandestinos-celebram-o-jubileu-sem-ser-presos\/"},"modified":"2017-06-02T09:27:22","modified_gmt":"2017-06-02T12:27:22","slug":"qmilagreq-na-china-10-mil-catolicos-clandestinos-celebram-o-jubileu-sem-ser-presos","status":"publish","type":"post","link":"https:\/\/catolicanet.net\/wp-cnet\/qmilagreq-na-china-10-mil-catolicos-clandestinos-celebram-o-jubileu-sem-ser-presos\/","title":{"rendered":"&#8220;Milagre&#8221; na China: 10 mil cat\u00f3licos clandestinos celebram o jubileu sem ser presos"},"content":{"rendered":"<p style=\"text-align: justify;\"><img decoding=\"async\" src=\"http:\/\/catolicanet.com.br\/images\/stories\/zhd3.jpg\" border=\"0\" align=\"left\" \/>Na abertura da Porta Santa de Zhengding, a santa missa foi celebrada por dom Julius Jia Zhiguo, n\u00e3o reconhecido pelo governo e mantido em pris\u00e3o domiciliar<\/p>\n<p>&#8220;\u00c9 um milagre! \u00c9 uma prote\u00e7\u00e3o do C\u00e9u&#8221;, consideram os entusiastas cat\u00f3licos chineses da comunidade clandestina de Zhengding (Hebei), que, neste domingo, se reuniram para celebrar o in\u00edcio do Jubileu e a abertura da Porta Santa.<\/p>\n<p>O &#8220;milagre&#8221;, explica a ag\u00eancia AsiaNews, \u00e9 que a pol\u00edcia, sempre diante da igreja, n\u00e3o fez nada para impedir o gesto e n\u00e3o prendeu ningu\u00e9m. Al\u00e9m disso, quem presidiu a liturgia, das 8h30 \u00e0s 12h30, foi o bispo dom Julius Jia Zhiguo, n\u00e3o reconhecido pelo governo e mantido em pris\u00e3o domiciliar durante anos por se recusar a aderir \u00e0 Associa\u00e7\u00e3o Patri\u00f3tica, o \u00f3rg\u00e3o do Partido Comunista que gerencia uma \u201cIgreja Cat\u00f3lica\u201d independente do papa e de Roma.<\/p>\n<p>Dom Jia Zhiguo \u00e9 vigiado dia e noite e, com frequ\u00eancia, \u00e9 levado para uma ou duas semanas &#8220;de f\u00e9rias&#8221; pela Associa\u00e7\u00e3o Patri\u00f3tica, ou seja, para cursos de doutrina\u00e7\u00e3o e lavagem cerebral. Mesmo controlado, o prelado conta com a estima da pol\u00edcia e da popula\u00e7\u00e3o. Durante longo tempo, em sua casa, ele abrigou cerca de 200 crian\u00e7as abandonadas e pessoas portadoras de defici\u00eancias, cuidando delas pessoalmente com a ajuda de algumas freiras e fi\u00e9is.<\/p>\n<p>A abertura solene da Porta Santa em Zhengding foi precedida por uma prociss\u00e3o e uma s\u00e9rie de leituras da Misericordiae Vultus, a bula com que o papa Francisco proclamou o Jubileu. Depois de aberta a Porta Santa, houve a cerim\u00f4nia eucar\u00edstica. \u201c\u00c9 incr\u00edvel \u2013 disse uma freira &#8211; que tantas pessoas tenham podido se reunir durante tanto tempo sem ningu\u00e9m ser preso\u201d.<\/p>\n<p>Faz anos que o governo chin\u00eas tenta eliminar as comunidades clandestinas que realizam atos religiosos considerados &#8220;criminosos&#8221; pelo Partido. Muitos sacerdotes envolvidos est\u00e3o presos. Nos \u00faltimos meses, tem havido forte press\u00e3o contra sacerdotes e bispos clandestinos para se juntarem \u00e0 Associa\u00e7\u00e3o Patri\u00f3tica, inclusive com tentativas de suborno.<\/p>\n<p>Fonte: Zenit<\/p>\n","protected":false},"excerpt":{"rendered":"<p>Na abertura da Porta Santa de Zhengding, a santa missa foi celebrada por dom Julius Jia Zhiguo, n\u00e3o reconhecido pelo governo e mantido em pris\u00e3o domiciliar &#8220;\u00c9 um milagre! \u00c9 uma prote\u00e7\u00e3o do C\u00e9u&#8221;, consideram os entusiastas cat\u00f3licos chineses da comunidade clandestina de Zhengding (Hebei), que, neste domingo, se reuniram para celebrar o in\u00edcio do [&hellip;]<\/p>\n","protected":false},"author":1,"featured_media":0,"comment_status":"open","ping_status":"open","sticky":false,"template":"","format":"standard","meta":{"footnotes":""},"categories":[3],"tags":[],"class_list":["post-12721","post","type-post","status-publish","format-standard","hentry","category-vaticano"],"_links":{"self":[{"href":"https:\/\/catolicanet.net\/wp-cnet\/wp-json\/wp\/v2\/posts\/12721","targetHints":{"allow":["GET"]}}],"collection":[{"href":"https:\/\/catolicanet.net\/wp-cnet\/wp-json\/wp\/v2\/posts"}],"about":[{"href":"https:\/\/catolicanet.net\/wp-cnet\/wp-json\/wp\/v2\/types\/post"}],"author":[{"embeddable":true,"href":"https:\/\/catolicanet.net\/wp-cnet\/wp-json\/wp\/v2\/users\/1"}],"replies":[{"embeddable":true,"href":"https:\/\/catolicanet.net\/wp-cnet\/wp-json\/wp\/v2\/comments?post=12721"}],"version-history":[{"count":1,"href":"https:\/\/catolicanet.net\/wp-cnet\/wp-json\/wp\/v2\/posts\/12721\/revisions"}],"predecessor-version":[{"id":27582,"href":"https:\/\/catolicanet.net\/wp-cnet\/wp-json\/wp\/v2\/posts\/12721\/revisions\/27582"}],"wp:attachment":[{"href":"https:\/\/catolicanet.net\/wp-cnet\/wp-json\/wp\/v2\/media?parent=12721"}],"wp:term":[{"taxonomy":"category","embeddable":true,"href":"https:\/\/catolicanet.net\/wp-cnet\/wp-json\/wp\/v2\/categories?post=12721"},{"taxonomy":"post_tag","embeddable":true,"href":"https:\/\/catolicanet.net\/wp-cnet\/wp-json\/wp\/v2\/tags?post=12721"}],"curies":[{"name":"wp","href":"https:\/\/api.w.org\/{rel}","templated":true}]}}