{"id":12714,"date":"2015-12-18T12:03:07","date_gmt":"2015-12-18T14:03:07","guid":{"rendered":"http:\/\/catolicanet.net\/wp-cnet\/2015\/12\/18\/bayer-esta-sendo-julgada-na-alemanha-por-danos-causados-por-pilulas-anticoncepcionais\/"},"modified":"2017-05-31T14:36:36","modified_gmt":"2017-05-31T17:36:36","slug":"bayer-esta-sendo-julgada-na-alemanha-por-danos-causados-por-pilulas-anticoncepcionais","status":"publish","type":"post","link":"https:\/\/catolicanet.net\/wp-cnet\/bayer-esta-sendo-julgada-na-alemanha-por-danos-causados-por-pilulas-anticoncepcionais\/","title":{"rendered":"Bayer est\u00e1 sendo julgada na Alemanha por danos causados por p\u00edlulas anticoncepcionais"},"content":{"rendered":"<p style=\"text-align: justify;\"><img decoding=\"async\" src=\"http:\/\/catolicanet.com.br\/images\/stories\/logobayer_flickrcona.jpg\" border=\"0\" align=\"left\" \/>A multinacional de produtos farmac\u00eauticos Bayer, com sede na Alemanha, desde ontem enfrenta um julgamento por mais de 220 mil d\u00f3lares em repara\u00e7\u00e3o, ap\u00f3s ter sido denunciada por uma mulher que assegura ter sofrido severos danos de sa\u00fade depois de ingerir suas p\u00edlulas anticoncepcionais.<\/p>\n<p>Segundo reportou a ag\u00eancia AFP, Felicitas Rohrer, uma mulher alem\u00e3 de 31 anos, est\u00e1 denunciando a Bayer. Ela acusou que seu anticoncepcional Yasminelle (comercializado no Brasil como Yasmin) lhe causou uma embolia pulmonar, um bloqueio s\u00fabito de uma art\u00e9ria pulmonar que poderia causar danos permanentes ao pulm\u00e3o e inclusive a morte.<\/p>\n<p>O problema come\u00e7ou em 2009, quando Felicitas de repente colapsou e teve uma parada card\u00edaca durante 20 minutos. Na opera\u00e7\u00e3o de emerg\u00eancia a qual foi submetida, os m\u00e9dicos encontraram grandes co\u00e1gulos de sangue.<\/p>\n<p>Os m\u00e9dicos a atenderam, surpreendidos pelo fato de que uma jovem de 25 anos apresentasse um caso t\u00e3o grave, e responsabilizaram diretamente \u00e0 p\u00edlula anticoncepcional.<\/p>\n<p>O julgamento come\u00e7ou ontem em um Tribunal de Waldshut-Tiengen, perto da fronteira da Alemanha com a Su\u00ed\u00e7a.<\/p>\n<p>Den\u00fancias como esta n\u00e3o s\u00e3o novas para a farmac\u00eautica Bayer \u2013 cujo lema \u00e9 \u201cci\u00eancia para uma vida melhor\u201d \u2013, pois conforme seu pr\u00f3prio relat\u00f3rio financeiro para acionistas do segundo trimestre de 2014, pagaram cerca de 2 bilh\u00f5es de d\u00f3lares em acordos fora do Tribunal por den\u00fancias de danos causados por seus medicamentos anticoncepcionais orais Yasmin, Yaz, Ocella e Gianvi, nos Estados Unidos.<\/p>\n<p>Na p\u00e1gina 54 desse relat\u00f3rio, a empresa Bayer admite que \u201cpara o dia 9 de julho (de 2014), chegou a acordos, sem admiss\u00e3o de responsabilidade, a fim de resolver as den\u00fancias de aproximadamente 8,900 acusadores nos Estados Unidos, por um valor total de 1,8 bilh\u00f5es de d\u00f3lares\u201d.<\/p>\n<p>Apesar do valor pelo qual est\u00e1 denunciando \u00e0 multinacional farmac\u00eautica, Felicita Rohrer assegurou que \u201co dinheiro n\u00e3o pode compensar o que eu e outras mulheres passamos\u201d.<\/p>\n<p>\u201cSe eu soubesse, nunca haveria tomado esta p\u00edlula\u201d, assegurou.<\/p>\n<p>\u201cO que eu espero realmente \u00e9 que seja feita a justi\u00e7a\u201d, disse, e expressou seu desejo de que o anticoncepcional oral da Bayer seja retirado do mercado.<\/p>\n<p style=\"text-align: justify;\">Fonte: Acidigital<\/p>\n","protected":false},"excerpt":{"rendered":"<p>A multinacional de produtos farmac\u00eauticos Bayer, com sede na Alemanha, desde ontem enfrenta um julgamento por mais de 220 mil d\u00f3lares em repara\u00e7\u00e3o, ap\u00f3s ter sido denunciada por uma mulher que assegura ter sofrido severos danos de sa\u00fade depois de ingerir suas p\u00edlulas anticoncepcionais. Segundo reportou a ag\u00eancia AFP, Felicitas Rohrer, uma mulher alem\u00e3 de [&hellip;]<\/p>\n","protected":false},"author":1,"featured_media":0,"comment_status":"open","ping_status":"open","sticky":false,"template":"","format":"standard","meta":{"footnotes":""},"categories":[4],"tags":[],"class_list":["post-12714","post","type-post","status-publish","format-standard","hentry","category-cotidiano"],"_links":{"self":[{"href":"https:\/\/catolicanet.net\/wp-cnet\/wp-json\/wp\/v2\/posts\/12714","targetHints":{"allow":["GET"]}}],"collection":[{"href":"https:\/\/catolicanet.net\/wp-cnet\/wp-json\/wp\/v2\/posts"}],"about":[{"href":"https:\/\/catolicanet.net\/wp-cnet\/wp-json\/wp\/v2\/types\/post"}],"author":[{"embeddable":true,"href":"https:\/\/catolicanet.net\/wp-cnet\/wp-json\/wp\/v2\/users\/1"}],"replies":[{"embeddable":true,"href":"https:\/\/catolicanet.net\/wp-cnet\/wp-json\/wp\/v2\/comments?post=12714"}],"version-history":[{"count":1,"href":"https:\/\/catolicanet.net\/wp-cnet\/wp-json\/wp\/v2\/posts\/12714\/revisions"}],"predecessor-version":[{"id":26788,"href":"https:\/\/catolicanet.net\/wp-cnet\/wp-json\/wp\/v2\/posts\/12714\/revisions\/26788"}],"wp:attachment":[{"href":"https:\/\/catolicanet.net\/wp-cnet\/wp-json\/wp\/v2\/media?parent=12714"}],"wp:term":[{"taxonomy":"category","embeddable":true,"href":"https:\/\/catolicanet.net\/wp-cnet\/wp-json\/wp\/v2\/categories?post=12714"},{"taxonomy":"post_tag","embeddable":true,"href":"https:\/\/catolicanet.net\/wp-cnet\/wp-json\/wp\/v2\/tags?post=12714"}],"curies":[{"name":"wp","href":"https:\/\/api.w.org\/{rel}","templated":true}]}}