{"id":12707,"date":"2015-12-17T15:59:32","date_gmt":"2015-12-17T17:59:32","guid":{"rendered":"http:\/\/catolicanet.net\/wp-cnet\/2015\/12\/17\/whatsapp-bloqueado-no-brasil-e-hora-de-nos-fazermos-duas-ou-tres-perguntas-urgentes\/"},"modified":"2017-06-02T16:34:08","modified_gmt":"2017-06-02T19:34:08","slug":"whatsapp-bloqueado-no-brasil-e-hora-de-nos-fazermos-duas-ou-tres-perguntas-urgentes","status":"publish","type":"post","link":"https:\/\/catolicanet.net\/wp-cnet\/whatsapp-bloqueado-no-brasil-e-hora-de-nos-fazermos-duas-ou-tres-perguntas-urgentes\/","title":{"rendered":"WhatsApp bloqueado no Brasil: \u00e9 hora de nos fazermos duas ou tr\u00eas perguntas urgentes"},"content":{"rendered":"<p style=\"text-align: justify;\"><img decoding=\"async\" src=\"http:\/\/catolicanet.com.br\/images\/stories\/whatsapp.png\" border=\"0\" align=\"left\" \/>De &#8220;Por que a Justi\u00e7a n\u00e3o se empenha igualmente em bloquear os celulares nos pres\u00eddios?&#8221; at\u00e9 &#8220;Quem s\u00e3o esses estranhos ao meu redor?&#8221;<\/p>\n<p>A Justi\u00e7a brasileira, a mesma que n\u00e3o consegue bloquear os celulares nos pres\u00eddios, emitiu a inacredit\u00e1vel ordem de bloquear durante 48 horas, em todo o pa\u00eds, um aplicativo de mensagens instant\u00e2neas utilizado por milh\u00f5es de pessoas n\u00e3o apenas por hobby, mas tamb\u00e9m para trabalho. De motoristas de caminh\u00e3o a vendedores, de prestadores de suporte t\u00e9cnico a vigilantes e seguran\u00e7as, milh\u00f5es de profissionais ter\u00e3o a sua rotina de trabalho obstaculizada durante dois dias por motivos desconhecidos. Afinal, a \u201cexplica\u00e7\u00e3o\u201d da medida, que explica de pouco a nada, se limitou a citar \u201craz\u00f5es de seguran\u00e7a\u201d e \u201csegredo de Justi\u00e7a\u201d e nada mais.<\/p>\n<p>\u00c9 verdade que o WhatsApp n\u00e3o chega a ser imprescind\u00edvel: embora ele tenha facilitado e barateado imensamente a comunica\u00e7\u00e3o pessoal e profissional, peitando abusos e desmandos das operadoras de telefonia, \u00e9 poss\u00edvel sobreviver \u00e0 sua aus\u00eancia tempor\u00e1ria sem grandes traumas.<\/p>\n<p>Acontece que n\u00e3o \u00e9 esta a quest\u00e3o central.<\/p>\n<p>A quest\u00e3o central \u00e9 at\u00e9 que ponto a decis\u00e3o de uma \u00fanica ju\u00edza pode afetar sem mais nem menos o cotidiano de toda a popula\u00e7\u00e3o de um pa\u00eds, sem que sejam dadas explica\u00e7\u00f5es e sem que isto seja visto como absolutamente anormal dentro de uma ordem jur\u00eddica respeitosa dos direitos civis.<\/p>\n<p>N\u00e3o s\u00e3o incomuns os casos de ju\u00edzes que decretam sua pr\u00f3pria vontade arbitrariamente, como aquele que deu voz de pris\u00e3o a uma atendente da TAM que o impedira de embarcar por ter chegado atrasado ao check-in; como aquele outro que deu voz de pris\u00e3o por \u201cdesacato\u201d a uma agente de tr\u00e2nsito que o flagrou dirigindo sem carteira de motorista e num ve\u00edculo sem placas; como aquele terceiro que saiu dirigindo tranquilamente um carro de luxo apreendido de um empres\u00e1rio no Rio de Janeiro. N\u00e3o deixa de ser mais uma oportunidade para nos questionarmos se n\u00e3o h\u00e1, mesmo, nada de profundamente errado e absurdo nesse quadro.<\/p>\n<p>No caso do bloqueio do WhatsApp, ainda que haja de fato motivos v\u00e1lidos, a forma de faz\u00ea-lo ter\u00e1 sido a mais coerente com um suposto Estado de direito? Se uma concession\u00e1ria de energia el\u00e9trica precisasse sofrer interven\u00e7\u00e3o judicial, por exemplo, ser\u00e1 que a medida mais sensata seria decretar que o pa\u00eds ficasse sem luz durante 48 horas? Realmente n\u00e3o haveria nenhuma outra medida a ser tomada que n\u00e3o prejudicasse os direitos civis?<\/p>\n<p>Como quer que seja, o bloqueio do aplicativo pode ser uma oportunidade preciosa para uma s\u00e9rie de reflex\u00f5es por parte dos brasileiros \u2013 em vez de apenas mais uma deixa para despejar memes engra\u00e7adinhos internet afora (memes que, ali\u00e1s, s\u00e3o um sintoma de que talvez levemos um pouco demais na brincadeira os absurdos em que fomos domesticados para sobreviver).<\/p>\n<p>Al\u00e9m do necess\u00e1rio questionamento sobre o n\u00edvel real da nossa democracia, uma reflex\u00e3o ainda mais b\u00e1sica \u00e9 bem-vinda agora que estamos impedidos de gastar horas e horas com os olhos e dedos grudados num tela sens\u00edvel ao toque:<\/p>\n<p>\u201cQuem s\u00e3o esses estranhos que est\u00e3o aqui ao meu lado, em carne e osso, dentro da minha pr\u00f3pria casa?\u201d<\/p>\n<p style=\"text-align: justify;\">Fonte: Aleteia<\/p>\n","protected":false},"excerpt":{"rendered":"<p>De &#8220;Por que a Justi\u00e7a n\u00e3o se empenha igualmente em bloquear os celulares nos pres\u00eddios?&#8221; at\u00e9 &#8220;Quem s\u00e3o esses estranhos ao meu redor?&#8221; A Justi\u00e7a brasileira, a mesma que n\u00e3o consegue bloquear os celulares nos pres\u00eddios, emitiu a inacredit\u00e1vel ordem de bloquear durante 48 horas, em todo o pa\u00eds, um aplicativo de mensagens instant\u00e2neas utilizado [&hellip;]<\/p>\n","protected":false},"author":1,"featured_media":0,"comment_status":"open","ping_status":"open","sticky":false,"template":"","format":"standard","meta":{"footnotes":""},"categories":[3],"tags":[],"class_list":["post-12707","post","type-post","status-publish","format-standard","hentry","category-vaticano"],"_links":{"self":[{"href":"https:\/\/catolicanet.net\/wp-cnet\/wp-json\/wp\/v2\/posts\/12707","targetHints":{"allow":["GET"]}}],"collection":[{"href":"https:\/\/catolicanet.net\/wp-cnet\/wp-json\/wp\/v2\/posts"}],"about":[{"href":"https:\/\/catolicanet.net\/wp-cnet\/wp-json\/wp\/v2\/types\/post"}],"author":[{"embeddable":true,"href":"https:\/\/catolicanet.net\/wp-cnet\/wp-json\/wp\/v2\/users\/1"}],"replies":[{"embeddable":true,"href":"https:\/\/catolicanet.net\/wp-cnet\/wp-json\/wp\/v2\/comments?post=12707"}],"version-history":[{"count":1,"href":"https:\/\/catolicanet.net\/wp-cnet\/wp-json\/wp\/v2\/posts\/12707\/revisions"}],"predecessor-version":[{"id":28723,"href":"https:\/\/catolicanet.net\/wp-cnet\/wp-json\/wp\/v2\/posts\/12707\/revisions\/28723"}],"wp:attachment":[{"href":"https:\/\/catolicanet.net\/wp-cnet\/wp-json\/wp\/v2\/media?parent=12707"}],"wp:term":[{"taxonomy":"category","embeddable":true,"href":"https:\/\/catolicanet.net\/wp-cnet\/wp-json\/wp\/v2\/categories?post=12707"},{"taxonomy":"post_tag","embeddable":true,"href":"https:\/\/catolicanet.net\/wp-cnet\/wp-json\/wp\/v2\/tags?post=12707"}],"curies":[{"name":"wp","href":"https:\/\/api.w.org\/{rel}","templated":true}]}}