{"id":12705,"date":"2015-12-17T13:35:52","date_gmt":"2015-12-17T15:35:52","guid":{"rendered":"http:\/\/catolicanet.net\/wp-cnet\/2015\/12\/17\/voces-sao-cristaos-radicais-disse-lhes-a-justica-e-tirou-deles-os-5-filhos\/"},"modified":"2017-05-31T13:34:07","modified_gmt":"2017-05-31T16:34:07","slug":"voces-sao-cristaos-radicais-disse-lhes-a-justica-e-tirou-deles-os-5-filhos","status":"publish","type":"post","link":"https:\/\/catolicanet.net\/wp-cnet\/voces-sao-cristaos-radicais-disse-lhes-a-justica-e-tirou-deles-os-5-filhos\/","title":{"rendered":"\u201cVoc\u00eas s\u00e3o crist\u00e3os radicais\u201d, disse-lhes a Justi\u00e7a. E tirou deles os 5 filhos!"},"content":{"rendered":"<p style=\"text-align: justify;\"><img decoding=\"async\" src=\"http:\/\/catolicanet.com.br\/images\/stories\/filhos-na-fe.jpg\" border=\"0\" align=\"left\" \/>A incr\u00edvel hist\u00f3ria de um casal da Noruega que tenta provar o absurdo de que foi v\u00edtima<\/p>\n<p>Eles foram presos, interrogados e liberados pelos servi\u00e7os sociais noruegueses enquanto seus 5 filhos foram tirados deles durante dias e sem qualquer explica\u00e7\u00e3o. E este \u00e9 s\u00f3 o come\u00e7o da hist\u00f3ria inacredit\u00e1vel que envolveu o casal Marius e Ruth Bodnariu, ele romeno e ela norueguesa, ambos residentes em Bergen, na Noruega. Por enquanto, a not\u00edcia est\u00e1 vindo \u00e0 tona bastante fragmentada, com muitos pontos ainda obscuros (Tempi.it, 14 de dezembro).<\/p>\n<p>S\u00d3 PARA AMAMENTA\u00c7\u00c3O<\/p>\n<p>O caso foi publicado pela imprensa romena em 20 de novembro, mas s\u00f3 nesta semana, apareceram os motivos pelos quais o casal est\u00e1 proibido h\u00e1 mais de um m\u00eas de ter contato com seus cinco filhos, a n\u00e3o ser para amamentar o menor. Nos documentos que o advogado de defesa finalmente obteve dos servi\u00e7os sociais, pode-se ler que Marius e Ruth s\u00e3o \u201ccrist\u00e3os radicais que estavam doutrinando os seus filhos\u201d (RomaniaTv.net, 20 de novembro).<\/p>\n<p>EXAMES M\u00c9DICOS<\/p>\n<p>Segundo o irm\u00e3o de Marius, que \u00e9 pastor crist\u00e3o e est\u00e1 em contato com o advogado dos familiares na Noruega, as crian\u00e7as foram submetidas a v\u00e1rios exames m\u00e9dicos que n\u00e3o demonstraram nenhum sinal de abusos f\u00edsicos. Mesmo assim, as crian\u00e7as foram questionadas sobre puni\u00e7\u00f5es que teriam recebido em casa.<\/p>\n<p>VERS\u00c3O DA ACUSA\u00c7\u00c3O<\/p>\n<p>Excetuando algum pux\u00e3o de orelha, as crian\u00e7as n\u00e3o mencionaram nenhum castigo nem demonstraram medo algum de voltar para casa. Os psic\u00f3logos, no entanto, destacaram supostas agress\u00f5es: uma das filhas teria dito que o pai tinha uma vez \u201csacudido como um tapete\u201d o filho menor por ter-lhe arrancado os \u00f3culos.<\/p>\n<p>A VERS\u00c3O DO PAIS<\/p>\n<p>De acordo com o irm\u00e3o, \u201cMarius me explicou que simplesmente tinha ficado feliz porque, pela primeira vez, o menino de tr\u00eas meses tinha conseguido agarrar algo\u201d e que, por isso, o levantou no ar e o balan\u00e7ou. O pastor receia que os assistentes sociais estejam induzindo as crian\u00e7as a dizer o que eles querem.<\/p>\n<p>\u201cNUNCA HOUVE ABUSOS\u201d<\/p>\n<p>\u201cEles tentaram at\u00e9 induzir a Ruth, no primeiro interrogat\u00f3rio, a dizer que o marido abusava fisicamente dela\u201d, denuncia o pastor Bodnariu. \u201cMas Ruth respondeu que isso \u00e9 mentira\u201d. As crian\u00e7as ainda teriam escrito cartas para a m\u00e3e e o pai, mas eles nunca as receberam. Os servi\u00e7os sociais declararam que n\u00e3o existem essas cartas e que as crian\u00e7as n\u00e3o est\u00e3o sentindo falta dos pais.<\/p>\n<p>CANTOS CRIST\u00c3OS<\/p>\n<p>Um abaixo-assinado est\u00e1 girando pela internet em favor da fam\u00edlia. O pastor fala de \u201cataque demon\u00edaco\u201d e de problemas anteriores entre Marius e a diretora da escola por ele ter ensinado cantos crist\u00e3os aos estudantes. \u201cEles est\u00e3o cegos pelo mal. Mas, com a ora\u00e7\u00e3o, n\u00f3s venceremos o mal\u201d, finaliza ele (rodiagnusdei.wordpress.com, 20 de novembro).<\/p>\n<p style=\"text-align: justify;\">Fonte: Aleteia<\/p>\n","protected":false},"excerpt":{"rendered":"<p>A incr\u00edvel hist\u00f3ria de um casal da Noruega que tenta provar o absurdo de que foi v\u00edtima Eles foram presos, interrogados e liberados pelos servi\u00e7os sociais noruegueses enquanto seus 5 filhos foram tirados deles durante dias e sem qualquer explica\u00e7\u00e3o. E este \u00e9 s\u00f3 o come\u00e7o da hist\u00f3ria inacredit\u00e1vel que envolveu o casal Marius e [&hellip;]<\/p>\n","protected":false},"author":1,"featured_media":0,"comment_status":"open","ping_status":"open","sticky":false,"template":"","format":"standard","meta":{"footnotes":""},"categories":[4],"tags":[],"class_list":["post-12705","post","type-post","status-publish","format-standard","hentry","category-cotidiano"],"_links":{"self":[{"href":"https:\/\/catolicanet.net\/wp-cnet\/wp-json\/wp\/v2\/posts\/12705","targetHints":{"allow":["GET"]}}],"collection":[{"href":"https:\/\/catolicanet.net\/wp-cnet\/wp-json\/wp\/v2\/posts"}],"about":[{"href":"https:\/\/catolicanet.net\/wp-cnet\/wp-json\/wp\/v2\/types\/post"}],"author":[{"embeddable":true,"href":"https:\/\/catolicanet.net\/wp-cnet\/wp-json\/wp\/v2\/users\/1"}],"replies":[{"embeddable":true,"href":"https:\/\/catolicanet.net\/wp-cnet\/wp-json\/wp\/v2\/comments?post=12705"}],"version-history":[{"count":1,"href":"https:\/\/catolicanet.net\/wp-cnet\/wp-json\/wp\/v2\/posts\/12705\/revisions"}],"predecessor-version":[{"id":26669,"href":"https:\/\/catolicanet.net\/wp-cnet\/wp-json\/wp\/v2\/posts\/12705\/revisions\/26669"}],"wp:attachment":[{"href":"https:\/\/catolicanet.net\/wp-cnet\/wp-json\/wp\/v2\/media?parent=12705"}],"wp:term":[{"taxonomy":"category","embeddable":true,"href":"https:\/\/catolicanet.net\/wp-cnet\/wp-json\/wp\/v2\/categories?post=12705"},{"taxonomy":"post_tag","embeddable":true,"href":"https:\/\/catolicanet.net\/wp-cnet\/wp-json\/wp\/v2\/tags?post=12705"}],"curies":[{"name":"wp","href":"https:\/\/api.w.org\/{rel}","templated":true}]}}