{"id":12704,"date":"2015-12-17T13:29:49","date_gmt":"2015-12-17T15:29:49","guid":{"rendered":"http:\/\/catolicanet.net\/wp-cnet\/2015\/12\/17\/americamexico-posadas-na-ponte-da-fronteira-com-os-bispos-e-as-autoridades-dos-dois-paises-um-evento-historico\/"},"modified":"2017-05-31T13:55:58","modified_gmt":"2017-05-31T16:55:58","slug":"americamexico-posadas-na-ponte-da-fronteira-com-os-bispos-e-as-autoridades-dos-dois-paises-um-evento-historico","status":"publish","type":"post","link":"https:\/\/catolicanet.net\/wp-cnet\/americamexico-posadas-na-ponte-da-fronteira-com-os-bispos-e-as-autoridades-dos-dois-paises-um-evento-historico\/","title":{"rendered":"AM\u00c9RICA\/M\u00c9XICO &#8211; \u201cPosadas\u201d na ponte da fronteira, com os Bispos e as autoridades dos dois pa\u00edses: um evento hist\u00f3rico"},"content":{"rendered":"<p style=\"text-align: justify;\">Ciudad Juarez (Ag\u00eancia Fides) \u2013 Considerado &#8220;um evento hist\u00f3rico&#8221; pela imprensa local, se realizou ontem o encontro dos Bispos de El Paso (Estados Unidos) e de Ciudad Juarez (M\u00e9xico) e dos c\u00f4nsules-gerais de M\u00e9xico e Estados Unidos justamente na linha que separa os dois pa\u00edses, na Ponte Internacional Santa F\u00e9. Ali celebraram juntos \u201clas posadas\u201d, isto \u00e9, uma ora\u00e7\u00e3o e um momento de festa para as crian\u00e7as, t\u00edpico da tradi\u00e7\u00e3o latino-americana neste per\u00edodo natalino, para fazer crescer a comunh\u00e3o na regi\u00e3o de fronteira.<br \/>\u201c\u00c9 um momento m\u00e1gico\u201d, disse Dom Mark Seitz, da diocese de El Paso, no in\u00edcio do encontro, depois da b\u00ean\u00e7\u00e3o da fronteira que no pr\u00f3ximo dia 17 de fevereiro receber\u00e1 o Papa Francisco. &#8220;Este \u00e9 o momento mais oportuno do ano para falar de unidade, quando de aproxima a celebra\u00e7\u00e3o do nascimento de Deus, para falar n\u00e3o das fronteiras que nos separam, mas que nos unem, porque mesmo que exista uma rede que nos separa, estamos unidos de v\u00e1rios modos&#8221;, disse Dom Seitz.<br \/>O Bispo de El Paso e o Bispo de Ciudad Juarez ent\u00e3o se abra\u00e7aram, enquanto um grupo de crian\u00e7as fazia festa perto da ponte, com brincadeiras tradicionais, diante do olhar surpreso dos motoristas de passagem. &#8220;\u00c9 realmente um momento muito especial&#8221;, comentou Jacob Prado, C\u00f4nsul-geral do M\u00e9xico em El Paso. Daria Darnell, C\u00f4nsul-geral dos EUA em Ciudad Juarez, afirmou: &#8220;Estar aqui, neste ponto, \u00e9 a ocasi\u00e3o para colocar em evid\u00eancia as boas rela\u00e7\u00f5es entre os dois pa\u00edses. Porque se \u00e9 verdade que os confins dividem, neste caso nos unem&#8221;. &#8220;H\u00e1 20 anos trabalho na regi\u00e3o de El Paso e nunca havia participado de um encontro deste tipo&#8221;, disse Ruben Jauregui, respons\u00e1vel pela US Customs and Border Protection (CBP).<\/p>\n<p style=\"text-align: justify;\">Fonte: Ag\u00eancia Fides<\/p>\n","protected":false},"excerpt":{"rendered":"<p>Ciudad Juarez (Ag\u00eancia Fides) \u2013 Considerado &#8220;um evento hist\u00f3rico&#8221; pela imprensa local, se realizou ontem o encontro dos Bispos de El Paso (Estados Unidos) e de Ciudad Juarez (M\u00e9xico) e dos c\u00f4nsules-gerais de M\u00e9xico e Estados Unidos justamente na linha que separa os dois pa\u00edses, na Ponte Internacional Santa F\u00e9. Ali celebraram juntos \u201clas posadas\u201d, [&hellip;]<\/p>\n","protected":false},"author":1,"featured_media":0,"comment_status":"open","ping_status":"open","sticky":false,"template":"","format":"standard","meta":{"footnotes":""},"categories":[4],"tags":[],"class_list":["post-12704","post","type-post","status-publish","format-standard","hentry","category-cotidiano"],"_links":{"self":[{"href":"https:\/\/catolicanet.net\/wp-cnet\/wp-json\/wp\/v2\/posts\/12704","targetHints":{"allow":["GET"]}}],"collection":[{"href":"https:\/\/catolicanet.net\/wp-cnet\/wp-json\/wp\/v2\/posts"}],"about":[{"href":"https:\/\/catolicanet.net\/wp-cnet\/wp-json\/wp\/v2\/types\/post"}],"author":[{"embeddable":true,"href":"https:\/\/catolicanet.net\/wp-cnet\/wp-json\/wp\/v2\/users\/1"}],"replies":[{"embeddable":true,"href":"https:\/\/catolicanet.net\/wp-cnet\/wp-json\/wp\/v2\/comments?post=12704"}],"version-history":[{"count":1,"href":"https:\/\/catolicanet.net\/wp-cnet\/wp-json\/wp\/v2\/posts\/12704\/revisions"}],"predecessor-version":[{"id":26707,"href":"https:\/\/catolicanet.net\/wp-cnet\/wp-json\/wp\/v2\/posts\/12704\/revisions\/26707"}],"wp:attachment":[{"href":"https:\/\/catolicanet.net\/wp-cnet\/wp-json\/wp\/v2\/media?parent=12704"}],"wp:term":[{"taxonomy":"category","embeddable":true,"href":"https:\/\/catolicanet.net\/wp-cnet\/wp-json\/wp\/v2\/categories?post=12704"},{"taxonomy":"post_tag","embeddable":true,"href":"https:\/\/catolicanet.net\/wp-cnet\/wp-json\/wp\/v2\/tags?post=12704"}],"curies":[{"name":"wp","href":"https:\/\/api.w.org\/{rel}","templated":true}]}}