{"id":12703,"date":"2015-12-17T13:27:12","date_gmt":"2015-12-17T15:27:12","guid":{"rendered":"http:\/\/catolicanet.net\/wp-cnet\/2015\/12\/17\/asiaindia-misericordia-e-tolerancia-religiosa\/"},"modified":"2017-05-31T14:29:30","modified_gmt":"2017-05-31T17:29:30","slug":"asiaindia-misericordia-e-tolerancia-religiosa","status":"publish","type":"post","link":"https:\/\/catolicanet.net\/wp-cnet\/asiaindia-misericordia-e-tolerancia-religiosa\/","title":{"rendered":"\u00c1SIA\/\u00cdNDIA &#8211; Miseric\u00f3rdia \u00e9 toler\u00e2ncia religiosa"},"content":{"rendered":"<p style=\"text-align: justify;\">Nova D\u00e9lhi (Ag\u00eancia Fides) \u2013 \u201cA toler\u00e2ncia religiosa \u00e9 express\u00e3o da miseric\u00f3rdia e \u00e9 um sinal distintivo da sociedade indiana. A \u00cdndia n\u00e3o \u00e9 uma teocracia, n\u00e3o \u00e9 um Estado mono-religioso, mas uma na\u00e7\u00e3o profundamente pluralista. Sua Constitui\u00e7\u00e3o garante a igualdade de todos os cidad\u00e3os, indiferentemente da f\u00e9 que professam\u201d. \u00c9 o que escreve, em carta pastoral publicada \u00e0s v\u00e9speras do Jubileu da Miseric\u00f3rdia, o Arcebispo Kuriakose Bharanikulangara, que administra a diocese s\u00edrio-malabarense de Faridabad-Delhi.<br \/>No texto enviado \u00e0 Fides, o Arcebispo observa que \u201calguns fundamentalistas ultra-religiosos iniciaram a colocar em discuss\u00e3o os fundamentos da Constitui\u00e7\u00e3o indiana\u201d. Isto, escreve, pode \u201cdesintegrar o pa\u00eds e produzir um sectarismo prejudicial\u201d. \u201cQualquer que seja a ideologia ou a cren\u00e7a pol\u00edtica de um governo, \u00e9 sempre preciso respeitar a Constitui\u00e7\u00e3o e servir o pa\u00eds segundo os valores contidos na Constitui\u00e7\u00e3o\u201d, afirma, estigmatizando os \u00faltimos incidentes causados pela intoler\u00e2ncia religiosa, que atingiram as minorias, como crist\u00e3os e mu\u00e7ulmanos.<br \/>A Igreja na \u00cdndia, acentuando a mensagem universal da miseric\u00f3rdia \u2013 conclui \u2013 rejeita toda pol\u00edtica sect\u00e1ria e se dirige \u00e0 \u201cconsci\u00eancia indiana\u201d, aos cidad\u00e3os indianos de todas as cren\u00e7as religiosas, pedindo que se esforcem para curar as divis\u00f5es sociais e pol\u00edticas baseadas em castas e religi\u00f5es.<\/p>\n<p style=\"text-align: justify;\">Fonte: Ag\u00eancia Fides<\/p>\n","protected":false},"excerpt":{"rendered":"<p>Nova D\u00e9lhi (Ag\u00eancia Fides) \u2013 \u201cA toler\u00e2ncia religiosa \u00e9 express\u00e3o da miseric\u00f3rdia e \u00e9 um sinal distintivo da sociedade indiana. A \u00cdndia n\u00e3o \u00e9 uma teocracia, n\u00e3o \u00e9 um Estado mono-religioso, mas uma na\u00e7\u00e3o profundamente pluralista. Sua Constitui\u00e7\u00e3o garante a igualdade de todos os cidad\u00e3os, indiferentemente da f\u00e9 que professam\u201d. \u00c9 o que escreve, em [&hellip;]<\/p>\n","protected":false},"author":1,"featured_media":0,"comment_status":"open","ping_status":"open","sticky":false,"template":"","format":"standard","meta":{"footnotes":""},"categories":[4],"tags":[],"class_list":["post-12703","post","type-post","status-publish","format-standard","hentry","category-cotidiano"],"_links":{"self":[{"href":"https:\/\/catolicanet.net\/wp-cnet\/wp-json\/wp\/v2\/posts\/12703","targetHints":{"allow":["GET"]}}],"collection":[{"href":"https:\/\/catolicanet.net\/wp-cnet\/wp-json\/wp\/v2\/posts"}],"about":[{"href":"https:\/\/catolicanet.net\/wp-cnet\/wp-json\/wp\/v2\/types\/post"}],"author":[{"embeddable":true,"href":"https:\/\/catolicanet.net\/wp-cnet\/wp-json\/wp\/v2\/users\/1"}],"replies":[{"embeddable":true,"href":"https:\/\/catolicanet.net\/wp-cnet\/wp-json\/wp\/v2\/comments?post=12703"}],"version-history":[{"count":1,"href":"https:\/\/catolicanet.net\/wp-cnet\/wp-json\/wp\/v2\/posts\/12703\/revisions"}],"predecessor-version":[{"id":26761,"href":"https:\/\/catolicanet.net\/wp-cnet\/wp-json\/wp\/v2\/posts\/12703\/revisions\/26761"}],"wp:attachment":[{"href":"https:\/\/catolicanet.net\/wp-cnet\/wp-json\/wp\/v2\/media?parent=12703"}],"wp:term":[{"taxonomy":"category","embeddable":true,"href":"https:\/\/catolicanet.net\/wp-cnet\/wp-json\/wp\/v2\/categories?post=12703"},{"taxonomy":"post_tag","embeddable":true,"href":"https:\/\/catolicanet.net\/wp-cnet\/wp-json\/wp\/v2\/tags?post=12703"}],"curies":[{"name":"wp","href":"https:\/\/api.w.org\/{rel}","templated":true}]}}