{"id":12700,"date":"2015-12-17T13:18:32","date_gmt":"2015-12-17T15:18:32","guid":{"rendered":"http:\/\/catolicanet.net\/wp-cnet\/2015\/12\/17\/africasudao-do-sul-espera-se-um-natal-de-paz-ha-dois-anos-do-inicio-da-guerra-civil\/"},"modified":"2017-05-31T14:13:26","modified_gmt":"2017-05-31T17:13:26","slug":"africasudao-do-sul-espera-se-um-natal-de-paz-ha-dois-anos-do-inicio-da-guerra-civil","status":"publish","type":"post","link":"https:\/\/catolicanet.net\/wp-cnet\/africasudao-do-sul-espera-se-um-natal-de-paz-ha-dois-anos-do-inicio-da-guerra-civil\/","title":{"rendered":"\u00c1FRICA\/SUD\u00c3O DO SUL &#8211; Espera-se um Natal de paz h\u00e1 dois anos do in\u00edcio da guerra civil"},"content":{"rendered":"<p style=\"text-align: justify;\">Juba (Ag\u00eancia Fides) &#8211; \u201cH\u00e1 dois anos do in\u00edcio da guerra civil, continuamos a esperar a paz, e talvez este Natal seja diferente dos \u00faltimos dois, vividos no sofrimento e no medo\u201d, diz \u00e0 Ag\u00eancia Fides uma fonte mission\u00e1ria do Sud\u00e3o do Sul, onde ontem foi lembrado o segundo anivers\u00e1rio do in\u00edcio da guerra civil entre o ex\u00e9rcito regular, leal ao Presidente Salva Kiir, e os rebeldes do ex-Vice Presidente, Riek Machar.<br \/>\u201cEm todos os Estados da federa\u00e7\u00e3o sul-sudanesa, houve cerim\u00f4nias para recordar as per ricordare le vittime della guerra\u201d diz a fonte de Fides, que pediu para ficar an\u00f4nima por motivos de seguran\u00e7a.<br \/>\u201cN\u00e3o obstante os acordos de paz assinados em 15 de agosto em v\u00e1rias \u00e1reas do Sud\u00e3o do Sul, os confrontos continuam. O governo de unidade nacional previsto nos acordos tamb\u00e9m n\u00e3o foi constitu\u00eddo. Por estas raz\u00f5es, a ONU decidiu refor\u00e7ar a sua miss\u00e3o de paz no Sud\u00e3o do Sul com outros mil homens, dotando-os de drones para controlar a partir do alto os movimentos de tropas e o respeito do cessar-fogo\u201d.<br \/>Segundo a fonte da Fides, o problema principal que a popula\u00e7\u00e3o deve enfrentar \u00e9 econ\u00f4mico, \u201cporque a guerra provocou preju\u00edzos enormes e at\u00e9 que as condi\u00e7\u00f5es latentes de instabilidade durarem, ningu\u00e9m do exterior vai querer investir no pa\u00eds\u201d.<br \/>\u201cEmbora todas estas dificuldades, ningu\u00e9m poder\u00e1 roubar dos sul-sudaneses a esperan\u00e7a de uma vida melhor. Esperamos que o Natal deste ano marque o in\u00edcio de uma nova fase para o Sud\u00e3o do Sul\u201d, conclui a nossa fonte.<\/p>\n<p style=\"text-align: justify;\">Fonte: Ag\u00eancia Fides<\/p>\n","protected":false},"excerpt":{"rendered":"<p>Juba (Ag\u00eancia Fides) &#8211; \u201cH\u00e1 dois anos do in\u00edcio da guerra civil, continuamos a esperar a paz, e talvez este Natal seja diferente dos \u00faltimos dois, vividos no sofrimento e no medo\u201d, diz \u00e0 Ag\u00eancia Fides uma fonte mission\u00e1ria do Sud\u00e3o do Sul, onde ontem foi lembrado o segundo anivers\u00e1rio do in\u00edcio da guerra civil [&hellip;]<\/p>\n","protected":false},"author":1,"featured_media":0,"comment_status":"open","ping_status":"open","sticky":false,"template":"","format":"standard","meta":{"footnotes":""},"categories":[4],"tags":[],"class_list":["post-12700","post","type-post","status-publish","format-standard","hentry","category-cotidiano"],"_links":{"self":[{"href":"https:\/\/catolicanet.net\/wp-cnet\/wp-json\/wp\/v2\/posts\/12700","targetHints":{"allow":["GET"]}}],"collection":[{"href":"https:\/\/catolicanet.net\/wp-cnet\/wp-json\/wp\/v2\/posts"}],"about":[{"href":"https:\/\/catolicanet.net\/wp-cnet\/wp-json\/wp\/v2\/types\/post"}],"author":[{"embeddable":true,"href":"https:\/\/catolicanet.net\/wp-cnet\/wp-json\/wp\/v2\/users\/1"}],"replies":[{"embeddable":true,"href":"https:\/\/catolicanet.net\/wp-cnet\/wp-json\/wp\/v2\/comments?post=12700"}],"version-history":[{"count":1,"href":"https:\/\/catolicanet.net\/wp-cnet\/wp-json\/wp\/v2\/posts\/12700\/revisions"}],"predecessor-version":[{"id":26722,"href":"https:\/\/catolicanet.net\/wp-cnet\/wp-json\/wp\/v2\/posts\/12700\/revisions\/26722"}],"wp:attachment":[{"href":"https:\/\/catolicanet.net\/wp-cnet\/wp-json\/wp\/v2\/media?parent=12700"}],"wp:term":[{"taxonomy":"category","embeddable":true,"href":"https:\/\/catolicanet.net\/wp-cnet\/wp-json\/wp\/v2\/categories?post=12700"},{"taxonomy":"post_tag","embeddable":true,"href":"https:\/\/catolicanet.net\/wp-cnet\/wp-json\/wp\/v2\/tags?post=12700"}],"curies":[{"name":"wp","href":"https:\/\/api.w.org\/{rel}","templated":true}]}}