{"id":12699,"date":"2015-12-17T13:15:31","date_gmt":"2015-12-17T15:15:31","guid":{"rendered":"http:\/\/catolicanet.net\/wp-cnet\/2015\/12\/17\/africaegito-nomeacao-do-diretor-nacional-das-pontificias-obras-missionarias\/"},"modified":"2017-05-31T13:45:34","modified_gmt":"2017-05-31T16:45:34","slug":"africaegito-nomeacao-do-diretor-nacional-das-pontificias-obras-missionarias","status":"publish","type":"post","link":"https:\/\/catolicanet.net\/wp-cnet\/africaegito-nomeacao-do-diretor-nacional-das-pontificias-obras-missionarias\/","title":{"rendered":"\u00c1FRICA\/EGITO &#8211; Nomea\u00e7\u00e3o do Diretor nacional das Pontif\u00edcias Obras Mission\u00e1rias"},"content":{"rendered":"<p style=\"text-align: justify;\">Cidade do Vaticano (Ag\u00eancia Fides) \u2013 O Card. Fernando Filoni, Prefeito da Congrega\u00e7\u00e3o para a Evangeliza\u00e7\u00e3o dos Povos, em 19 de setembro de 2015 nomeou Diretor nacional das Pontif\u00edcias Obras Mission\u00e1rias no Egito por um quinqu\u00eanio (2015-2020) o rev. Pe. Shenuda Shafik Andrawes Khalil, do clero da eparquia de El Minia.<br \/>O novo Diretor nacional nasceu em El Minia em 5 de fevereiro de 1962 e foi ordenado sacerdote em 23 de dezembro de 1990. Fez o Doutorado em Teologia espiritual no Antonianum de Roma em 2002. Foi p\u00e1roco, docente de filosofia e teologia espiritual em v\u00e1rios semin\u00e1rios e faculdades, vice-reitor e reitor do Semin\u00e1rio copta-cat\u00f3lico. Atualmente, \u00e9 Reitor da faculdade de ci\u00eancias religiosas em Sakakini-Cairo, professor de filosofia e teologia espiritual, al\u00e9m de formador do Semin\u00e1rio copta-cat\u00f3lico.<\/p>\n<p style=\"text-align: justify;\">Fonte: Ag\u00eancia Fides<\/p>\n","protected":false},"excerpt":{"rendered":"<p>Cidade do Vaticano (Ag\u00eancia Fides) \u2013 O Card. Fernando Filoni, Prefeito da Congrega\u00e7\u00e3o para a Evangeliza\u00e7\u00e3o dos Povos, em 19 de setembro de 2015 nomeou Diretor nacional das Pontif\u00edcias Obras Mission\u00e1rias no Egito por um quinqu\u00eanio (2015-2020) o rev. Pe. Shenuda Shafik Andrawes Khalil, do clero da eparquia de El Minia.O novo Diretor nacional nasceu [&hellip;]<\/p>\n","protected":false},"author":1,"featured_media":0,"comment_status":"open","ping_status":"open","sticky":false,"template":"","format":"standard","meta":{"footnotes":""},"categories":[4],"tags":[],"class_list":["post-12699","post","type-post","status-publish","format-standard","hentry","category-cotidiano"],"_links":{"self":[{"href":"https:\/\/catolicanet.net\/wp-cnet\/wp-json\/wp\/v2\/posts\/12699","targetHints":{"allow":["GET"]}}],"collection":[{"href":"https:\/\/catolicanet.net\/wp-cnet\/wp-json\/wp\/v2\/posts"}],"about":[{"href":"https:\/\/catolicanet.net\/wp-cnet\/wp-json\/wp\/v2\/types\/post"}],"author":[{"embeddable":true,"href":"https:\/\/catolicanet.net\/wp-cnet\/wp-json\/wp\/v2\/users\/1"}],"replies":[{"embeddable":true,"href":"https:\/\/catolicanet.net\/wp-cnet\/wp-json\/wp\/v2\/comments?post=12699"}],"version-history":[{"count":1,"href":"https:\/\/catolicanet.net\/wp-cnet\/wp-json\/wp\/v2\/posts\/12699\/revisions"}],"predecessor-version":[{"id":26681,"href":"https:\/\/catolicanet.net\/wp-cnet\/wp-json\/wp\/v2\/posts\/12699\/revisions\/26681"}],"wp:attachment":[{"href":"https:\/\/catolicanet.net\/wp-cnet\/wp-json\/wp\/v2\/media?parent=12699"}],"wp:term":[{"taxonomy":"category","embeddable":true,"href":"https:\/\/catolicanet.net\/wp-cnet\/wp-json\/wp\/v2\/categories?post=12699"},{"taxonomy":"post_tag","embeddable":true,"href":"https:\/\/catolicanet.net\/wp-cnet\/wp-json\/wp\/v2\/tags?post=12699"}],"curies":[{"name":"wp","href":"https:\/\/api.w.org\/{rel}","templated":true}]}}