{"id":12698,"date":"2015-12-17T13:10:10","date_gmt":"2015-12-17T15:10:10","guid":{"rendered":"http:\/\/catolicanet.net\/wp-cnet\/2015\/12\/17\/comercio-de-armas-a-producao-da-morte\/"},"modified":"2017-06-02T10:06:15","modified_gmt":"2017-06-02T13:06:15","slug":"comercio-de-armas-a-producao-da-morte","status":"publish","type":"post","link":"https:\/\/catolicanet.net\/wp-cnet\/comercio-de-armas-a-producao-da-morte\/","title":{"rendered":"Com\u00e9rcio de armas: a produ\u00e7\u00e3o da morte"},"content":{"rendered":"<p style=\"text-align: justify;\"><img decoding=\"async\" src=\"http:\/\/catolicanet.com.br\/images\/stories\/epa1575871_articolo.jpg\" border=\"0\" align=\"left\" \/>O com\u00e9rcio mundial de armas teve a sua quarta retra\u00e7\u00e3o consecutiva, segundo dados do relat\u00f3rio do Instituto Internacional de Pesquisas para a Paz (Su\u00e9cia), divulgados na \u00faltima ter\u00e7a-feira (15\/12). No entanto, apesar da redu\u00e7\u00e3o de 1,5% desde 2013, o estudo revela que o setor possui um peso consider\u00e1vel na economia global.<\/p>\n<p>\u201cL\u2019Osservatore Romano\u201d destaca que o lobby do armamento excede as fronteiras dos pa\u00edses e provoca mortes em todo o mundo. De acordo com o jornal vaticano, o relat\u00f3rio traz uma s\u00e9rie de dados relativos \u00e0s despesas militares com o com\u00e9rcio de armas, seja legal ou ilegal.<\/p>\n<p>O estudo aponta ainda que houve uma tend\u00eancia de redu\u00e7\u00e3o na venda de armas na Am\u00e9rica do Norte e em alguns pa\u00edses da Uni\u00e3o Europeia. Em contrapartida, a Alemanha e a Su\u00e9cia registraram aumento de 9% e de 11%, respectivamente.<\/p>\n<p>TOP 100<\/p>\n<p>J\u00e1 entre os produtores emergentes, a R\u00fassia continua a dominar a lista dos 100 maiores fabricantes mundiais. Outros pa\u00edses que se destacaram no crescimento do com\u00e9rcio de armas foi a Turquia, a \u00cdndia e a Coreia do Sul \u2013 mais de 10%, segundo o relat\u00f3rio.<\/p>\n<p>Ao todo, o mercado de armas movimenta mais de US$ 400 bilh\u00f5es. Portanto, destaca o L\u2019Osservatore Romano, a queda mundial de 1,5% se trata de uma queda aparente, puxada pelo mercado norte-americano e europeu.<\/p>\n<p>No mundo, as grandes empresas aumentaram o volume de seus neg\u00f3cios. Destaca-se tamb\u00e9m, entre as empresas norte-americanas, a Lookheed Martin \u2013 respons\u00e1vel por 54% do mercado \u2013, que registrou um amento de 3,9% nas vendas, movimentando aproximadamente US$ 37 bilh\u00f5es.<\/p>\n<p>\u201cNovos produtores\u201d<\/p>\n<p>Chama a aten\u00e7\u00e3o, no estudo sueco, a categoria dos \u201cnovos produtores\u201d, que pretende analisar melhor a evolu\u00e7\u00e3o das empresas em que os pa\u00edses anunciaram metas para ind\u00fastria militar, como no Brasil, na \u00cdndia, na Coreia do Sul e na Turquia.<\/p>\n<p>Entre 2013 e 2014, o tr\u00e1fico de armas nesses pa\u00edses teve um aumento substancial gra\u00e7as as suas produ\u00e7\u00f5es. No total, segundo os dados, a entrada de produtores nesses pa\u00edses cresceu 5,1% . No topo, est\u00e1 a empresa russa Uralvagonzavod, cujos lucros cresceram at\u00e9 72,5%.<\/p>\n<p>Papa Francisco<\/p>\n<p>Ainda sobre o tema, o Papa Francisco tem condenado constantemente o tr\u00e1fico de armas. Juntamente com a desnutri\u00e7\u00e3o, o trabalho escravo e a falta de \u00e1gua pot\u00e1vel no mundo, a produ\u00e7\u00e3o e o tr\u00e1fico de armas tamb\u00e9m s\u00e3o apontados por Francisco como um dos maiores problemas da sociedade mundial. (PS)<\/p>\n<p style=\"text-align: justify;\">Fonte: R\u00e1dio Vaticano<\/p>\n","protected":false},"excerpt":{"rendered":"<p>O com\u00e9rcio mundial de armas teve a sua quarta retra\u00e7\u00e3o consecutiva, segundo dados do relat\u00f3rio do Instituto Internacional de Pesquisas para a Paz (Su\u00e9cia), divulgados na \u00faltima ter\u00e7a-feira (15\/12). No entanto, apesar da redu\u00e7\u00e3o de 1,5% desde 2013, o estudo revela que o setor possui um peso consider\u00e1vel na economia global. \u201cL\u2019Osservatore Romano\u201d destaca que [&hellip;]<\/p>\n","protected":false},"author":1,"featured_media":0,"comment_status":"open","ping_status":"open","sticky":false,"template":"","format":"standard","meta":{"footnotes":""},"categories":[3],"tags":[],"class_list":["post-12698","post","type-post","status-publish","format-standard","hentry","category-vaticano"],"_links":{"self":[{"href":"https:\/\/catolicanet.net\/wp-cnet\/wp-json\/wp\/v2\/posts\/12698","targetHints":{"allow":["GET"]}}],"collection":[{"href":"https:\/\/catolicanet.net\/wp-cnet\/wp-json\/wp\/v2\/posts"}],"about":[{"href":"https:\/\/catolicanet.net\/wp-cnet\/wp-json\/wp\/v2\/types\/post"}],"author":[{"embeddable":true,"href":"https:\/\/catolicanet.net\/wp-cnet\/wp-json\/wp\/v2\/users\/1"}],"replies":[{"embeddable":true,"href":"https:\/\/catolicanet.net\/wp-cnet\/wp-json\/wp\/v2\/comments?post=12698"}],"version-history":[{"count":1,"href":"https:\/\/catolicanet.net\/wp-cnet\/wp-json\/wp\/v2\/posts\/12698\/revisions"}],"predecessor-version":[{"id":27811,"href":"https:\/\/catolicanet.net\/wp-cnet\/wp-json\/wp\/v2\/posts\/12698\/revisions\/27811"}],"wp:attachment":[{"href":"https:\/\/catolicanet.net\/wp-cnet\/wp-json\/wp\/v2\/media?parent=12698"}],"wp:term":[{"taxonomy":"category","embeddable":true,"href":"https:\/\/catolicanet.net\/wp-cnet\/wp-json\/wp\/v2\/categories?post=12698"},{"taxonomy":"post_tag","embeddable":true,"href":"https:\/\/catolicanet.net\/wp-cnet\/wp-json\/wp\/v2\/tags?post=12698"}],"curies":[{"name":"wp","href":"https:\/\/api.w.org\/{rel}","templated":true}]}}