{"id":12697,"date":"2015-12-17T12:48:54","date_gmt":"2015-12-17T14:48:54","guid":{"rendered":"http:\/\/catolicanet.net\/wp-cnet\/2015\/12\/17\/papa-abrira-porta-santa-de-estrutura-da-caritas-de-roma\/"},"modified":"2017-05-30T13:04:50","modified_gmt":"2017-05-30T16:04:50","slug":"papa-abrira-porta-santa-de-estrutura-da-caritas-de-roma","status":"publish","type":"post","link":"https:\/\/catolicanet.net\/wp-cnet\/papa-abrira-porta-santa-de-estrutura-da-caritas-de-roma\/","title":{"rendered":"Papa abrir\u00e1 Porta Santa de estrutura da Caritas de Roma"},"content":{"rendered":"<p style=\"text-align: justify;\"><img decoding=\"async\" src=\"http:\/\/catolicanet.com.br\/images\/stories\/ansa918670_articolo.jpg\" border=\"0\" align=\"left\" \/>O Papa Francisco abrir\u00e1 na pr\u00f3xima sexta-feira, 18, \u00e0s 16h30min, a Porta Santa da Caridade no albergue \u201cDon Luigi Di Liegro\u201d e o Refeit\u00f3rio \u201cS\u00e3o Jo\u00e3o Paolo II\u201d na Esta\u00e7\u00e3o T\u00e9rmini, centro de Roma. Esta ser\u00e1 a quarta Porta Santa a ser aberta pelo Pont\u00edfice. A R\u00e1dio Vaticano vai transmitir a cerim\u00f4nia, com coment\u00e1rios em portugu\u00eas, a partir das 13h30min, hor\u00e1rio de Bras\u00edlia.<\/p>\n<p>A cerim\u00f4nia<\/p>\n<p>A liturgia ter\u00e1 in\u00edcio na pra\u00e7a existente diante das duas estruturas da Caritas da Diocese de Roma, \u00e0s 16h30, com o rito de abertura da Porta. Acompanhar\u00e3o o Santo Padre quatro h\u00f3spedes do albergue, que levar\u00e3o a Cruz, o Missal e as velas. Seguir\u00e3o o Santo Padre, Mons. Enrico Feroci, Diretor da Caritas e tr\u00eas sacerdotes colaboradores do organismo diocesano: Padres Giorgio Gabrielli, Padre Danilo Priori e Padre Donaro Palminteri. Durante a prociss\u00e3o ser\u00e3o entoadas as ladainhas de ora\u00e7\u00e3o aos santos, como\u00a0 S\u00e3o Felipe Neri, Santa Fab\u00edola (a quem \u00e9 dedicada a Capela do albergue), Santa Jacinta (a quem \u00e9 dedicada a Cidadela da Caridade de Ponte Casilino), S\u00e3o Dami\u00e3o de Molokai (a quem \u00e9 dedicada a Capela da \u201cCasas fam\u00edlia para os doentes de Aids\u201d de Villa Glori), S\u00e3o Jo\u00e3o Paulo II \u2013 e aos m\u00e1rtires da justi\u00e7a e da caridade, o Beato Oscar Romero e a Beata Madre Teresa de Calcut\u00e1.<\/p>\n<p>A Porta Santa<\/p>\n<p>O Papa Francisco atravessar\u00e1 a Porta Santa passando sob o mosaico realizado pelo jesu\u00edta Padre Marko Ivan Rupnik, mostrando o \u00edcone do Jubileu. Dentro do refeit\u00f3rio estar\u00e3o aguardando o Santo Padre 200 h\u00f3spedes do albergue, representando todos os Centros de Acolhida da Caritas da Diocese de Roma. Com eles, o Papa Francisco celebrar\u00e1 a Eucaristia, segundo a liturgia do dia.<\/p>\n<p>As leituras e a anima\u00e7\u00e3o<\/p>\n<p>A anima\u00e7\u00e3o da celebra\u00e7\u00e3o \u2013 cantos, leituras e ora\u00e7\u00f5es dos fieis \u2013 estar\u00e1 \u00e0 cargo dos h\u00f3spedes da Caritas. A primeira leitura ser\u00e1 proclamada por Angelo Zurolo, residente no albergue e redator do Jornal \u201cGocce di Marsala\u201d, realizado pelos h\u00f3spedes da estrutura Caritas; o Salmo Responsorial e a Aclama\u00e7\u00e3o do Evangelho ser\u00e3o feitos por Rita Quaranta, residente na \u201cCidadela da Caridade\u201d, de Ponte Casilino.\u00a0 As ora\u00e7\u00f5es dos fieis, por sua vez,\u00a0 foram escritas e ser\u00e3o lidas por uma jovem m\u00e3e &#8211; h\u00f3spede do Centro de Acolhida \u201cCasa de Cristian\u201d, voltada \u00e0 fam\u00edlias com crian\u00e7as em situa\u00e7\u00e3o de dificuldades; por um requerente de asilo do Centro de Acolhida \u201cFerrhotel\u201d; por um h\u00f3spede do albergue; por Maria Teresa Serra, volunt\u00e1ria do refeit\u00f3rio \u201cS\u00e3o Jo\u00e3o Paulo II\u201d e por Andrea La Rosa, Coordenador do Albergue \u201cDon Luigi Di Liegro\u201d.<\/p>\n<p>Missa exclusiva para os h\u00f3spedes<\/p>\n<p>Na celebra\u00e7\u00e3o Eucar\u00edstica participar\u00e3o exclusivamente os h\u00f3spedes das estruturas de acolhida acompanhados por alguns volunt\u00e1rios e funcion\u00e1rios. J\u00e1 na pra\u00e7a, estar\u00e3o assistindo a liturgia mais de 500 pessoas, entre volunt\u00e1rios e animadores da Caritas. A imprensa poder\u00e1 acompanhar a celebra\u00e7\u00e3o atrav\u00e9s das imagens do Centro Televisivo Vaticano, visto que por desejo do Papa Francisco, o encontro com os h\u00f3spedes da Caritas diocesana de Roma ser\u00e1 \u201cprivado e pessoal\u201d.<\/p>\n<p>As estruturas<\/p>\n<p>O Albergue \u201cDon Luigi di Liegro\u201d e o Refeit\u00f3rio S\u00e3o Jo\u00e3o Paulo II s\u00e3o duas estruturas de acolhida para sem-teto. O primeiro acolhe, a cada noite, 195 pessoas. No refeit\u00f3rio, por sua vez, s\u00e3o servidas 500 jantas. Os dois centros foram inaugurados em 10 de dezembro passado pelo Cardeal Agostino Vallini, ap\u00f3s terem sofrido uma grande reforma desde 2011. As duas s\u00e3o estruturas que a Caritas administra desde 1987, em parceria com a Prefeitura de Roam, em um im\u00f3vel colocado \u00e0 disposi\u00e7\u00e3o pela Ferrovia do Estado. (JE)<\/p>\n<p style=\"text-align: justify;\">Fonte: r\u00e1dio Vaticano<\/p>\n","protected":false},"excerpt":{"rendered":"<p>O Papa Francisco abrir\u00e1 na pr\u00f3xima sexta-feira, 18, \u00e0s 16h30min, a Porta Santa da Caridade no albergue \u201cDon Luigi Di Liegro\u201d e o Refeit\u00f3rio \u201cS\u00e3o Jo\u00e3o Paolo II\u201d na Esta\u00e7\u00e3o T\u00e9rmini, centro de Roma. Esta ser\u00e1 a quarta Porta Santa a ser aberta pelo Pont\u00edfice. A R\u00e1dio Vaticano vai transmitir a cerim\u00f4nia, com coment\u00e1rios em [&hellip;]<\/p>\n","protected":false},"author":1,"featured_media":0,"comment_status":"open","ping_status":"open","sticky":false,"template":"","format":"standard","meta":{"footnotes":""},"categories":[3],"tags":[],"class_list":["post-12697","post","type-post","status-publish","format-standard","hentry","category-vaticano"],"_links":{"self":[{"href":"https:\/\/catolicanet.net\/wp-cnet\/wp-json\/wp\/v2\/posts\/12697","targetHints":{"allow":["GET"]}}],"collection":[{"href":"https:\/\/catolicanet.net\/wp-cnet\/wp-json\/wp\/v2\/posts"}],"about":[{"href":"https:\/\/catolicanet.net\/wp-cnet\/wp-json\/wp\/v2\/types\/post"}],"author":[{"embeddable":true,"href":"https:\/\/catolicanet.net\/wp-cnet\/wp-json\/wp\/v2\/users\/1"}],"replies":[{"embeddable":true,"href":"https:\/\/catolicanet.net\/wp-cnet\/wp-json\/wp\/v2\/comments?post=12697"}],"version-history":[{"count":1,"href":"https:\/\/catolicanet.net\/wp-cnet\/wp-json\/wp\/v2\/posts\/12697\/revisions"}],"predecessor-version":[{"id":24536,"href":"https:\/\/catolicanet.net\/wp-cnet\/wp-json\/wp\/v2\/posts\/12697\/revisions\/24536"}],"wp:attachment":[{"href":"https:\/\/catolicanet.net\/wp-cnet\/wp-json\/wp\/v2\/media?parent=12697"}],"wp:term":[{"taxonomy":"category","embeddable":true,"href":"https:\/\/catolicanet.net\/wp-cnet\/wp-json\/wp\/v2\/categories?post=12697"},{"taxonomy":"post_tag","embeddable":true,"href":"https:\/\/catolicanet.net\/wp-cnet\/wp-json\/wp\/v2\/tags?post=12697"}],"curies":[{"name":"wp","href":"https:\/\/api.w.org\/{rel}","templated":true}]}}