{"id":12689,"date":"2015-12-17T10:39:31","date_gmt":"2015-12-17T12:39:31","guid":{"rendered":"http:\/\/catolicanet.net\/wp-cnet\/2015\/12\/17\/kibeho-fonte-de-gracas-da-africa\/"},"modified":"2017-05-31T15:45:29","modified_gmt":"2017-05-31T18:45:29","slug":"kibeho-fonte-de-gracas-da-africa","status":"publish","type":"post","link":"https:\/\/catolicanet.net\/wp-cnet\/kibeho-fonte-de-gracas-da-africa\/","title":{"rendered":"Kibeho: fonte de gra\u00e7as da \u00c1frica"},"content":{"rendered":"<p style=\"text-align: justify;\"><img decoding=\"async\" src=\"http:\/\/catolicanet.com.br\/images\/stories\/11ff87.jpg\" border=\"0\" align=\"left\" \/>Lugar de curas: A \u201cM\u00e3e do Verbo\u201d e seus filhos. Lugar de curas: A \u201cM\u00e3e do Verbo\u201d e seus filhos.<\/p>\n<p>Padre Pawlowski muitas vezes se ajoelha diante de Nossa Senhora de Kibeho. Ent\u00e3o&#8230;, como admite depois de alguma hesita\u00e7\u00e3o, &#8220;eu me confio \u00e0 sua ternura maternal. Pe\u00e7o-lhe que me ajude a viver aqui ainda mais fielmente a minha voca\u00e7\u00e3o, para que Kibeho cres\u00e7a e Maria possa conduzir muitas pessoas pelo caminho da reconcilia\u00e7\u00e3o.&#8221;<\/p>\n<p>Entre os lugares onde Nossa Senhora apareceu na \u00c1frica, Kibeho, no sul de Ruanda, \u00e9 o primeiro local oficialmente reconhecido pela Igreja, pela Santa S\u00e9. Zbigniew Pawlowski, padre palotino, \u00e9 reitor do Santu\u00e1rio. Foi aqui que Nossa Senhora apareceu a tr\u00eas meninas, nos anos de 1981 a 1989. Das videntes, duas ainda vivem: Alphonsine, que vive em um mosteiro na It\u00e1lia, e Nathalie, que mora no pr\u00f3prio santu\u00e1rio. Marie-Claire foi assassinada nos massacres de 1994 que Maria, entre l\u00e1grimas, tinha profetizado. Tamb\u00e9m em Kibeho alastrou-se a f\u00faria dos assassinos; agora, esse \u00e9 um lugar de cura para as almas feridas. Hoje em dia os peregrinos j\u00e1 s\u00e3o mais de 600 mil por ano, diz o padre Pawlowski. Eles v\u00eam de muitos pa\u00edses, inclusive da Europa e do continente americano. E o n\u00famero aumenta cada vez mais. A infraestrutura j\u00e1 \u00e9 pequena demais para acolher a todos. \u201cMas todos eles devem poder vir, porque aqui acontecem milagres de reconcilia\u00e7\u00e3o e convers\u00e3o.\u201d<\/p>\n<p>Entre alguns grupos de romeiros est\u00e3o ex-assassinos \u201cque j\u00e1 sa\u00edram da pris\u00e3o, e se encontram ao lado de pessoas que, naquele tempo, apenas conseguiram escapar do horror. Agora est\u00e3o juntos diante de Nossa Senhora e rezam pela reconcilia\u00e7\u00e3o\u201d. Diz o padre que \u201co perd\u00e3o come\u00e7a primeiro consigo mesmo. Muitos v\u00eam pedir perd\u00e3o a Deus por meio de sua M\u00e3e.\u201d Kibeho \u00e9 uma fonte de gra\u00e7as para uma sociedade traumatizada.<\/p>\n<p>\u201cNossa Senhora os consola a todos.\u201d Tamb\u00e9m um bispo do M\u00e9xico chegou, para pedir prostrado a ajuda da \u201cM\u00e3e das Dores\u201d por causa da guerra da droga em sua diocese. Pouco tempo depois, o traficante mais importante foi capturado. E assim como em Lourdes, F\u00e1tima, Czestochowa ou outros santu\u00e1rios, tamb\u00e9m ali as curas acontecem repetidamente. Tamb\u00e9m aumenta a presen\u00e7a de fam\u00edlias. Muitos casais que n\u00e3o conseguiram ter filhos pedem a gra\u00e7a da fertilidade. N\u00e3o raramente \u201cn\u00f3s recebemos depois an\u00fancios de nascimentos\u201d. Nossa Senhora tamb\u00e9m dissera que a fam\u00edlia como institui\u00e7\u00e3o haveria de sofrer. Mas que o carisma de Kibeho \u00e9 \u201ca mensagem da perseveran\u00e7a. A situa\u00e7\u00e3o do mundo est\u00e1 ruim \u2013 disse-nos Maria nesses oito anos por meio das tr\u00eas meninas, e o sofrimento n\u00e3o acabou. Por isso devemos rezar mais.\u201d \u00c9 isso que ele faz h\u00e1 12 anos, junto com os outros padres e irm\u00e3s palotinos, e eles tamb\u00e9m convidam um n\u00famero crescente de peregrinos a faz\u00ea-lo.<\/p>\n<p>A Virgem apresentou-se \u00e0s tr\u00eas meninas como \u201cNyina wa Jambo\u201d (M\u00e3e do Verbo). Ela disse a Nathalie: \u201cConfie em mim. As pessoas e as coisas passam. Mas voc\u00ea reze, reze muito para que consiga perseverar. \u201cA mensagem vale para todos. O maior desejo do Pe. Pawlowski \u201c\u00e9 que neste lugar de reconcilia\u00e7\u00e3o e de perd\u00e3o, a infraestrutura possa continuar a ser melhorada\u201d. As instala\u00e7\u00f5es do santu\u00e1rio devem ser ampliadas, e aumentar o n\u00famero de acomoda\u00e7\u00f5es. \u201cA ora\u00e7\u00e3o precisa de mais espa\u00e7o\u201d E nisso n\u00f3s podemos -e vamos &#8211; ajudar.<\/p>\n<p style=\"text-align: justify;\">Fonte: AIS<\/p>\n","protected":false},"excerpt":{"rendered":"<p>Lugar de curas: A \u201cM\u00e3e do Verbo\u201d e seus filhos. Lugar de curas: A \u201cM\u00e3e do Verbo\u201d e seus filhos. Padre Pawlowski muitas vezes se ajoelha diante de Nossa Senhora de Kibeho. Ent\u00e3o&#8230;, como admite depois de alguma hesita\u00e7\u00e3o, &#8220;eu me confio \u00e0 sua ternura maternal. Pe\u00e7o-lhe que me ajude a viver aqui ainda mais [&hellip;]<\/p>\n","protected":false},"author":1,"featured_media":0,"comment_status":"open","ping_status":"open","sticky":false,"template":"","format":"standard","meta":{"footnotes":""},"categories":[4],"tags":[],"class_list":["post-12689","post","type-post","status-publish","format-standard","hentry","category-cotidiano"],"_links":{"self":[{"href":"https:\/\/catolicanet.net\/wp-cnet\/wp-json\/wp\/v2\/posts\/12689","targetHints":{"allow":["GET"]}}],"collection":[{"href":"https:\/\/catolicanet.net\/wp-cnet\/wp-json\/wp\/v2\/posts"}],"about":[{"href":"https:\/\/catolicanet.net\/wp-cnet\/wp-json\/wp\/v2\/types\/post"}],"author":[{"embeddable":true,"href":"https:\/\/catolicanet.net\/wp-cnet\/wp-json\/wp\/v2\/users\/1"}],"replies":[{"embeddable":true,"href":"https:\/\/catolicanet.net\/wp-cnet\/wp-json\/wp\/v2\/comments?post=12689"}],"version-history":[{"count":1,"href":"https:\/\/catolicanet.net\/wp-cnet\/wp-json\/wp\/v2\/posts\/12689\/revisions"}],"predecessor-version":[{"id":26942,"href":"https:\/\/catolicanet.net\/wp-cnet\/wp-json\/wp\/v2\/posts\/12689\/revisions\/26942"}],"wp:attachment":[{"href":"https:\/\/catolicanet.net\/wp-cnet\/wp-json\/wp\/v2\/media?parent=12689"}],"wp:term":[{"taxonomy":"category","embeddable":true,"href":"https:\/\/catolicanet.net\/wp-cnet\/wp-json\/wp\/v2\/categories?post=12689"},{"taxonomy":"post_tag","embeddable":true,"href":"https:\/\/catolicanet.net\/wp-cnet\/wp-json\/wp\/v2\/tags?post=12689"}],"curies":[{"name":"wp","href":"https:\/\/api.w.org\/{rel}","templated":true}]}}