{"id":12682,"date":"2015-12-16T13:58:21","date_gmt":"2015-12-16T15:58:21","guid":{"rendered":"http:\/\/catolicanet.net\/wp-cnet\/2015\/12\/16\/asiapaquistao-autoridades-civis-liberar-se-dos-cristaos-para-limpar-islamabad\/"},"modified":"2017-05-31T14:34:14","modified_gmt":"2017-05-31T17:34:14","slug":"asiapaquistao-autoridades-civis-liberar-se-dos-cristaos-para-limpar-islamabad","status":"publish","type":"post","link":"https:\/\/catolicanet.net\/wp-cnet\/asiapaquistao-autoridades-civis-liberar-se-dos-cristaos-para-limpar-islamabad\/","title":{"rendered":"\u00c1SIA\/PAQUIST\u00c3O &#8211; Autoridades civis: \u201cLiberar-se dos crist\u00e3os para limpar Islamabad\u201d"},"content":{"rendered":"<p style=\"text-align: justify;\">Islamabad (Ag\u00eancia Fides) \u2013 Causou indigna\u00e7\u00e3o e protestos a recente declara\u00e7\u00e3o da \u201cCapital Development Authority\u201d (CDA) de Islamabad, a Autoridade que representa o prefeito e o governo municipal no desenvolvimento urban\u00edstico da capital do Paquist\u00e3o. Como apurado pela Fides, a Autoridade declarou diante da Corte Suprema que \u201cas favelas crist\u00e3s em Islamabad amea\u00e7am a maioria mu\u00e7ulmana\u201d, apresentando uma ordenan\u00e7a de demoli\u00e7\u00e3o dos sub\u00farbios de Islamabad ocupados por favelas. Trata-se das chamadas \u201ccol\u00f4nias\u201d, os bairros-gueto constru\u00eddos com o passar dos anos pelas fam\u00edlias pobres provenientes das \u00e1reas rurais ou de aldeias de Punjab, para se estabelecer nas periferias da capital.<br \/>Como explica \u00e0 Fides a organiza\u00e7\u00e3o \u201cLife For All\u201d (LFA), engajada na defesa dos crist\u00e3os no Paquist\u00e3o, o relat\u00f3rio analisa a situa\u00e7\u00e3o das favelas em que os vivem sem servi\u00e7os p\u00fablicos e higi\u00eanicos milhares de fam\u00edlias crist\u00e3s provenientes de distritos lim\u00edtrofes, ocupando ilegalmente os terrenos. A preocupa\u00e7\u00e3o expressa pela CDA n\u00e3o \u00e9 tanto regularizar e organizar estas col\u00f4nias, inserindo-as plenamente no tecido urbano, mas o fato que \u201cos crist\u00e3os, com o tempo, poder\u00e3o fazer perder aos mu\u00e7ulmanos a maioria no distrito da capital\u201d.<br \/>A maioria dos crist\u00e3os trabalham como dom\u00e9sticos, oper\u00e1rios, agentes de sa\u00fade ou operadores ecol\u00f3gicos, empenhados em trabalhos humildes como a limpeza das ruas. Quase sempre, deixam suas terras origin\u00e1rias por causa da crescente hostilidade anticrist\u00e3. As col\u00f4nias s\u00e3o bastante antigas, algumas surgiram antes da d\u00e9cada de 80 e hoje s\u00e3o quase totalmente englobadas na cidade. A organiza\u00e7\u00e3o \u201cLife For All\u201d, lideran\u00e7as religiosas e outras organiza\u00e7\u00f5es apresentaram uma peti\u00e7\u00e3o \u00e0 Corte Suprema contra a demoli\u00e7\u00e3o das favelas, recordando que a CDA n\u00e3o s\u00f3 atribuiu aos colonos na d\u00e9cada de 80 uma licen\u00e7a provis\u00f3ria, mas lhes deu um trabalho, empregando-os na obra de limpeza das ruas.<\/p>\n<p style=\"text-align: justify;\">A sociedade civil pede a ren\u00fancia imediata do Presidente da CDA por sua posi\u00e7\u00e3o \u201ctotalmente discriminat\u00f3ria, que retrata a concep\u00e7\u00e3o corrente sobre as minorias religiosas\u201d. LFA observa \u00e0 Fides: \u201cS\u00e3o seres humanos e cidad\u00e3os que n\u00e3o t\u00eam um lugar para onde ir. N\u00e3o vivem porque querem em favelas, mas sim por causa da falta de planejamento e de estrat\u00e9gias da CDA\u201d.<\/p>\n<p style=\"text-align: justify;\">Fonte: Ag\u00eancia Fides<\/p>\n","protected":false},"excerpt":{"rendered":"<p>Islamabad (Ag\u00eancia Fides) \u2013 Causou indigna\u00e7\u00e3o e protestos a recente declara\u00e7\u00e3o da \u201cCapital Development Authority\u201d (CDA) de Islamabad, a Autoridade que representa o prefeito e o governo municipal no desenvolvimento urban\u00edstico da capital do Paquist\u00e3o. Como apurado pela Fides, a Autoridade declarou diante da Corte Suprema que \u201cas favelas crist\u00e3s em Islamabad amea\u00e7am a maioria [&hellip;]<\/p>\n","protected":false},"author":1,"featured_media":0,"comment_status":"open","ping_status":"open","sticky":false,"template":"","format":"standard","meta":{"footnotes":""},"categories":[4],"tags":[],"class_list":["post-12682","post","type-post","status-publish","format-standard","hentry","category-cotidiano"],"_links":{"self":[{"href":"https:\/\/catolicanet.net\/wp-cnet\/wp-json\/wp\/v2\/posts\/12682","targetHints":{"allow":["GET"]}}],"collection":[{"href":"https:\/\/catolicanet.net\/wp-cnet\/wp-json\/wp\/v2\/posts"}],"about":[{"href":"https:\/\/catolicanet.net\/wp-cnet\/wp-json\/wp\/v2\/types\/post"}],"author":[{"embeddable":true,"href":"https:\/\/catolicanet.net\/wp-cnet\/wp-json\/wp\/v2\/users\/1"}],"replies":[{"embeddable":true,"href":"https:\/\/catolicanet.net\/wp-cnet\/wp-json\/wp\/v2\/comments?post=12682"}],"version-history":[{"count":1,"href":"https:\/\/catolicanet.net\/wp-cnet\/wp-json\/wp\/v2\/posts\/12682\/revisions"}],"predecessor-version":[{"id":26778,"href":"https:\/\/catolicanet.net\/wp-cnet\/wp-json\/wp\/v2\/posts\/12682\/revisions\/26778"}],"wp:attachment":[{"href":"https:\/\/catolicanet.net\/wp-cnet\/wp-json\/wp\/v2\/media?parent=12682"}],"wp:term":[{"taxonomy":"category","embeddable":true,"href":"https:\/\/catolicanet.net\/wp-cnet\/wp-json\/wp\/v2\/categories?post=12682"},{"taxonomy":"post_tag","embeddable":true,"href":"https:\/\/catolicanet.net\/wp-cnet\/wp-json\/wp\/v2\/tags?post=12682"}],"curies":[{"name":"wp","href":"https:\/\/api.w.org\/{rel}","templated":true}]}}