{"id":12674,"date":"2015-12-16T11:51:22","date_gmt":"2015-12-16T13:51:22","guid":{"rendered":"http:\/\/catolicanet.net\/wp-cnet\/2015\/12\/16\/artigo-natal-visibilidade-da-misericordia-de-deus\/"},"modified":"2017-06-02T09:48:15","modified_gmt":"2017-06-02T12:48:15","slug":"artigo-natal-visibilidade-da-misericordia-de-deus","status":"publish","type":"post","link":"https:\/\/catolicanet.net\/wp-cnet\/artigo-natal-visibilidade-da-misericordia-de-deus\/","title":{"rendered":"Artigo: Natal, visibilidade da Miseric\u00f3rdia de Deus"},"content":{"rendered":"<p style=\"text-align: justify;\"><img decoding=\"async\" src=\"http:\/\/catolicanet.com.br\/images\/stories\/ansa771703_articolo.jpg\" border=\"0\" align=\"left\" \/>Eis que chega o Senhor dos senhores:<\/p>\n<p>Seu nome ser\u00e1 Emanuel, o \u201cDeus-conosco\u201d.<\/p>\n<p>(Ant\u00edfona da entrada da Missa de 21 de dezembro)<\/p>\n<p>A Igreja, em sua liturgia, nos proporciona um belo e edificante itiner\u00e1rio espiritual. Abrindo as portas com o Advento, somos motivamos a olhar na dire\u00e7\u00e3o de Bel\u00e9m e querer chegar l\u00e1 para contemplar a luz da miseric\u00f3rdia divina que resplandece no mist\u00e9rio da encarna\u00e7\u00e3o.<\/p>\n<p>Na bula de proclama\u00e7\u00e3o do ano da Miseric\u00f3rdia, o Papa Francisco, recorda: \u201cA miseric\u00f3rdia \u00e9 a responsabilidade de Deus por n\u00f3s\u201d (MV 9). Experimentamos este amor divino no encontro de nossa humanidade com aquele Menino deitado numa manjedoura. A viv\u00eancia do ano da Miseric\u00f3rdia vai nos aproximar do mist\u00e9rio de amor que o Senhor Deus nutre por cada um dos seus.<\/p>\n<p>A sociedade, j\u00e1 secularizada e em vias de se tornar paganizada vai, aos poucos, deixando de lado a pr\u00e1tica concreta das obras de miseric\u00f3rdia. O \u2018Ano da Miseric\u00f3rdia\u2019, ser\u00e1 oportunidade de nos aproximarmos da miseric\u00f3rdia de Deus, na medida mesma em que formos bons e misericordiosos para com as pessoas que nos rodeiam.<\/p>\n<p>A festa do Natal, que se aproxima, ser\u00e1 uma oportunidade clara para recordarmos o Salmo 136 que nos diz: eterna \u00e9 a sua miseric\u00f3rdia, pois com o nascimento do Filho unig\u00eanito de Deus, temos a certeza que Seu Amor e Sua miseric\u00f3rdia nos conduzem pelos caminhos do mundo, at\u00e9 nosso destino \u00faltimo, a eternidade.<\/p>\n<p>Augurando a todos felicidade e paz, desejamos-lhes um Natal resplandecente para que, junto de suas fam\u00edlias, parentes e amigos, a exemplo da gruta de Bel\u00e9m, sejam irradiadores da Luz que \u00e9 Cristo.<\/p>\n<p>Auguramos ainda que o Ano Novo que se aproxima, n\u00e3o nos ponha medo, mas seja um desafio a ser enfrentado com f\u00e9 e esperan\u00e7a.<\/p>\n<p>*Dom Airton Jos\u00e9 dos Santos<\/p>\n<p>Arcebispo Metropolitano de Campinas<\/p>\n<p>Presidente do Regional Sul 1<\/p>\n<p style=\"text-align: justify;\">Fonte: R\u00e1dio Vaticano<\/p>\n","protected":false},"excerpt":{"rendered":"<p>Eis que chega o Senhor dos senhores: Seu nome ser\u00e1 Emanuel, o \u201cDeus-conosco\u201d. (Ant\u00edfona da entrada da Missa de 21 de dezembro) A Igreja, em sua liturgia, nos proporciona um belo e edificante itiner\u00e1rio espiritual. Abrindo as portas com o Advento, somos motivamos a olhar na dire\u00e7\u00e3o de Bel\u00e9m e querer chegar l\u00e1 para contemplar [&hellip;]<\/p>\n","protected":false},"author":1,"featured_media":0,"comment_status":"open","ping_status":"open","sticky":false,"template":"","format":"standard","meta":{"footnotes":""},"categories":[3],"tags":[],"class_list":["post-12674","post","type-post","status-publish","format-standard","hentry","category-vaticano"],"_links":{"self":[{"href":"https:\/\/catolicanet.net\/wp-cnet\/wp-json\/wp\/v2\/posts\/12674","targetHints":{"allow":["GET"]}}],"collection":[{"href":"https:\/\/catolicanet.net\/wp-cnet\/wp-json\/wp\/v2\/posts"}],"about":[{"href":"https:\/\/catolicanet.net\/wp-cnet\/wp-json\/wp\/v2\/types\/post"}],"author":[{"embeddable":true,"href":"https:\/\/catolicanet.net\/wp-cnet\/wp-json\/wp\/v2\/users\/1"}],"replies":[{"embeddable":true,"href":"https:\/\/catolicanet.net\/wp-cnet\/wp-json\/wp\/v2\/comments?post=12674"}],"version-history":[{"count":1,"href":"https:\/\/catolicanet.net\/wp-cnet\/wp-json\/wp\/v2\/posts\/12674\/revisions"}],"predecessor-version":[{"id":27668,"href":"https:\/\/catolicanet.net\/wp-cnet\/wp-json\/wp\/v2\/posts\/12674\/revisions\/27668"}],"wp:attachment":[{"href":"https:\/\/catolicanet.net\/wp-cnet\/wp-json\/wp\/v2\/media?parent=12674"}],"wp:term":[{"taxonomy":"category","embeddable":true,"href":"https:\/\/catolicanet.net\/wp-cnet\/wp-json\/wp\/v2\/categories?post=12674"},{"taxonomy":"post_tag","embeddable":true,"href":"https:\/\/catolicanet.net\/wp-cnet\/wp-json\/wp\/v2\/tags?post=12674"}],"curies":[{"name":"wp","href":"https:\/\/api.w.org\/{rel}","templated":true}]}}