{"id":12654,"date":"2015-12-14T12:27:05","date_gmt":"2015-12-14T14:27:05","guid":{"rendered":"http:\/\/catolicanet.net\/wp-cnet\/2015\/12\/14\/europapolonia-o-martirio-no-servico-missionario-da-igreja-sessao-missiologica-e-vigilia-de-oracao\/"},"modified":"2017-05-31T15:13:21","modified_gmt":"2017-05-31T18:13:21","slug":"europapolonia-o-martirio-no-servico-missionario-da-igreja-sessao-missiologica-e-vigilia-de-oracao","status":"publish","type":"post","link":"https:\/\/catolicanet.net\/wp-cnet\/europapolonia-o-martirio-no-servico-missionario-da-igreja-sessao-missiologica-e-vigilia-de-oracao\/","title":{"rendered":"EUROPA\/POL\u00d4NIA &#8211; O mart\u00edrio no servi\u00e7o mission\u00e1rio da Igreja: sess\u00e3o missiol\u00f3gica e vig\u00edlia de ora\u00e7\u00e3o"},"content":{"rendered":"<p style=\"text-align: justify;\">Czestochowa (Ag\u00eancia Fides) &#8211; \u201cFilhos fi\u00e9is de Maria\u201d foi o tema da sess\u00e3o missiol\u00f3gica e da vig\u00edlia de ora\u00e7\u00e3o promovida pela Pontif\u00edcia Uni\u00e3o Mission\u00e1ria da Pol\u00f4nia, que se realizou nos dias 5 e 6 de dezembro no Santu\u00e1rio nacional de Jasna Gora. Cerca de 500 pessoas participaram da vig\u00edlia pela evangeliza\u00e7\u00e3o, entre seminaristas, respons\u00e1veis pelas miss\u00f5es das congrega\u00e7\u00f5es religiosas, animadores mission\u00e1rios e pessoas que est\u00e3o se preparando para o empenho mission\u00e1rio no Centro de Forma\u00e7\u00e3o Mission\u00e1ria e membros do Ter\u00e7o Vivo.<br \/>Como informa a nota enviada \u00e0 Ag\u00eancia Fides, a sess\u00e3o missiol\u00f3gica teve por tema o mart\u00edrio no servi\u00e7o mission\u00e1rio da Igreja. Padre Waldemar Cislo, diretor da funda\u00e7\u00e3o \u201cAjuda \u00e0 Igreja que Sofre\u201d, testemunhou a persegui\u00e7\u00e3o da Igreja no Oriente M\u00e9dio, onde foram assassinados crian\u00e7as, mulheres e idosos, humilhados ou vendidos como escravos.<br \/>Padre Tomasz Atlas, Diretor nacional das POM na Pol\u00f4nia, durante o Apelo de Jasna Gora agradeceu \u00e0 Divina Provid\u00eancia pelos novos bem-aventurados proclamados no mesmo dia em Pariacoto, no Peru (os tr\u00eas mission\u00e1rios assassinados em 1991 por Sendero Luminoso), e pediu a intercess\u00e3o de Maria por um empenho mission\u00e1rio ainda maior da Igreja na Pol\u00f4nia. Dom Jan Kopiec, Bispo de Gliwice, presidiu a Eucaristia \u00e0 meia-noite. Ele destacou na sua homilia a import\u00e2ncia da Pontif\u00edcia Uni\u00e3o Mission\u00e1ria para a obra de sensibiliza\u00e7\u00e3o dos fi\u00e9is sobre a necessidade das miss\u00f5es.<br \/>Durante a vig\u00edlia de ora\u00e7\u00e3o, 42 novos membros entraram para a Pontif\u00edcia Uni\u00e3o Mission\u00e1ria (7 religiosos, 19 di\u00e1conos e 16 leigos), e o padre Ryszard Jarmuz, OFM Conv, deu um comovente testemunho sobre os m\u00e1rtires de Pariacoto.<\/p>\n<p style=\"text-align: justify;\">Fonte: Ag\u00eancia Fides<\/p>\n","protected":false},"excerpt":{"rendered":"<p>Czestochowa (Ag\u00eancia Fides) &#8211; \u201cFilhos fi\u00e9is de Maria\u201d foi o tema da sess\u00e3o missiol\u00f3gica e da vig\u00edlia de ora\u00e7\u00e3o promovida pela Pontif\u00edcia Uni\u00e3o Mission\u00e1ria da Pol\u00f4nia, que se realizou nos dias 5 e 6 de dezembro no Santu\u00e1rio nacional de Jasna Gora. Cerca de 500 pessoas participaram da vig\u00edlia pela evangeliza\u00e7\u00e3o, entre seminaristas, respons\u00e1veis pelas [&hellip;]<\/p>\n","protected":false},"author":1,"featured_media":0,"comment_status":"open","ping_status":"open","sticky":false,"template":"","format":"standard","meta":{"footnotes":""},"categories":[4],"tags":[],"class_list":["post-12654","post","type-post","status-publish","format-standard","hentry","category-cotidiano"],"_links":{"self":[{"href":"https:\/\/catolicanet.net\/wp-cnet\/wp-json\/wp\/v2\/posts\/12654","targetHints":{"allow":["GET"]}}],"collection":[{"href":"https:\/\/catolicanet.net\/wp-cnet\/wp-json\/wp\/v2\/posts"}],"about":[{"href":"https:\/\/catolicanet.net\/wp-cnet\/wp-json\/wp\/v2\/types\/post"}],"author":[{"embeddable":true,"href":"https:\/\/catolicanet.net\/wp-cnet\/wp-json\/wp\/v2\/users\/1"}],"replies":[{"embeddable":true,"href":"https:\/\/catolicanet.net\/wp-cnet\/wp-json\/wp\/v2\/comments?post=12654"}],"version-history":[{"count":1,"href":"https:\/\/catolicanet.net\/wp-cnet\/wp-json\/wp\/v2\/posts\/12654\/revisions"}],"predecessor-version":[{"id":26873,"href":"https:\/\/catolicanet.net\/wp-cnet\/wp-json\/wp\/v2\/posts\/12654\/revisions\/26873"}],"wp:attachment":[{"href":"https:\/\/catolicanet.net\/wp-cnet\/wp-json\/wp\/v2\/media?parent=12654"}],"wp:term":[{"taxonomy":"category","embeddable":true,"href":"https:\/\/catolicanet.net\/wp-cnet\/wp-json\/wp\/v2\/categories?post=12654"},{"taxonomy":"post_tag","embeddable":true,"href":"https:\/\/catolicanet.net\/wp-cnet\/wp-json\/wp\/v2\/tags?post=12654"}],"curies":[{"name":"wp","href":"https:\/\/api.w.org\/{rel}","templated":true}]}}