{"id":12653,"date":"2015-12-14T12:25:54","date_gmt":"2015-12-14T14:25:54","guid":{"rendered":"http:\/\/catolicanet.net\/wp-cnet\/2015\/12\/14\/africard-congo-empenhem-se-pelos-ultimos-exortam-os-bispos-de-kasayi-nos-125-anos-de-evangelizacao\/"},"modified":"2017-05-31T13:49:27","modified_gmt":"2017-05-31T16:49:27","slug":"africard-congo-empenhem-se-pelos-ultimos-exortam-os-bispos-de-kasayi-nos-125-anos-de-evangelizacao","status":"publish","type":"post","link":"https:\/\/catolicanet.net\/wp-cnet\/africard-congo-empenhem-se-pelos-ultimos-exortam-os-bispos-de-kasayi-nos-125-anos-de-evangelizacao\/","title":{"rendered":"\u00c1FRICA\/RD CONGO &#8211; \u201cEmpenhem-se pelos \u00faltimos\u201d, exortam os Bispos de Kasayi nos 125 anos de evangeliza\u00e7\u00e3o"},"content":{"rendered":"<p style=\"text-align: justify;\">Kinshasa (Ag\u00eancia Fides) &#8211; \u201cEstamos felizes em abrir este ano em Mikalayi, no mesmo lugar onde em 8 de dezembro de 1891 pe. Emeri Cambier celebrou a primeira Eucaristia, dando in\u00edcio \u00e0 evangeliza\u00e7\u00e3o na nossa terra, o Kasayi. Como um gr\u00e3o de mostarda, este an\u00fancio deu vida \u00e0s nossas oito dioceses\u201d, escrevem os Bispos de Kananga, Mweka, Kabinda, Tshumbe, Mbujimayi, Lwebo, Lwiza, Kole, na Carta Pastoral com a qual abrem o Ano Jubilar convocado pelos 125 anos de evangeliza\u00e7\u00e3o de Kasayi, na Rep\u00fablica Democr\u00e1tica do Congo.<br \/>Recordando que esta data \u00e9 concomitante com o Jubileu da Miseric\u00f3rdia convocado pelo Papa Francisco, os Bispos destacam que \u201ca nossa voca\u00e7\u00e3o crist\u00e3 \u00e9 um dom e uma experi\u00eancia da miseric\u00f3rdia de Deus\u201d.<br \/>No documento, enviado \u00e0 Ag\u00eancia Fides, convidam-se os fi\u00e9is a viverem a f\u00e9 atrav\u00e9s das obras de solidariedade e justi\u00e7a aos \u00faltimos, denunciando graves pecados sociais: \u201cAs nossas pris\u00f5es s\u00e3o locais onde os seres humanos s\u00e3o mantidos em condi\u00e7\u00e3o de abandono e viol\u00eancia que nada pode justificar. Milhares de crian\u00e7as s\u00e3o abandonadas por suas fam\u00edlias, com frequ\u00eancia com acusa\u00e7\u00f5es (bruxaria, ndr.) que escondem a irresponsabilidade de seus pais e da sociedade \u201d. Os Bispos louvam as congrega\u00e7\u00f5es religiosas que cuidam dessas crian\u00e7as e lan\u00e7am um apelo \u00e0s fam\u00edlias crist\u00e3s para que as adotem. Tamb\u00e9m v\u00e1rios idosos \u201cs\u00e3o v\u00edtimas de todo tipo de acusa\u00e7\u00e3o e de viol\u00eancia nos nossos vilarejos\u201d.<br \/>Recordando as pr\u00f3ximas elei\u00e7\u00f5es, os Bispos escrevem para \u201crezar para que 2016 seja o ano em que a democracia se fortifique no nosso pa\u00eds\u201d, e lan\u00e7am um apelo aos fi\u00e9is leigos para que se empenhem na pol\u00edtica pelo bem comum.<\/p>\n<p style=\"text-align: justify;\">Fonte: Ag\u00eancia Fides<\/p>\n","protected":false},"excerpt":{"rendered":"<p>Kinshasa (Ag\u00eancia Fides) &#8211; \u201cEstamos felizes em abrir este ano em Mikalayi, no mesmo lugar onde em 8 de dezembro de 1891 pe. Emeri Cambier celebrou a primeira Eucaristia, dando in\u00edcio \u00e0 evangeliza\u00e7\u00e3o na nossa terra, o Kasayi. Como um gr\u00e3o de mostarda, este an\u00fancio deu vida \u00e0s nossas oito dioceses\u201d, escrevem os Bispos de [&hellip;]<\/p>\n","protected":false},"author":1,"featured_media":0,"comment_status":"open","ping_status":"open","sticky":false,"template":"","format":"standard","meta":{"footnotes":""},"categories":[4],"tags":[],"class_list":["post-12653","post","type-post","status-publish","format-standard","hentry","category-cotidiano"],"_links":{"self":[{"href":"https:\/\/catolicanet.net\/wp-cnet\/wp-json\/wp\/v2\/posts\/12653","targetHints":{"allow":["GET"]}}],"collection":[{"href":"https:\/\/catolicanet.net\/wp-cnet\/wp-json\/wp\/v2\/posts"}],"about":[{"href":"https:\/\/catolicanet.net\/wp-cnet\/wp-json\/wp\/v2\/types\/post"}],"author":[{"embeddable":true,"href":"https:\/\/catolicanet.net\/wp-cnet\/wp-json\/wp\/v2\/users\/1"}],"replies":[{"embeddable":true,"href":"https:\/\/catolicanet.net\/wp-cnet\/wp-json\/wp\/v2\/comments?post=12653"}],"version-history":[{"count":1,"href":"https:\/\/catolicanet.net\/wp-cnet\/wp-json\/wp\/v2\/posts\/12653\/revisions"}],"predecessor-version":[{"id":26691,"href":"https:\/\/catolicanet.net\/wp-cnet\/wp-json\/wp\/v2\/posts\/12653\/revisions\/26691"}],"wp:attachment":[{"href":"https:\/\/catolicanet.net\/wp-cnet\/wp-json\/wp\/v2\/media?parent=12653"}],"wp:term":[{"taxonomy":"category","embeddable":true,"href":"https:\/\/catolicanet.net\/wp-cnet\/wp-json\/wp\/v2\/categories?post=12653"},{"taxonomy":"post_tag","embeddable":true,"href":"https:\/\/catolicanet.net\/wp-cnet\/wp-json\/wp\/v2\/tags?post=12653"}],"curies":[{"name":"wp","href":"https:\/\/api.w.org\/{rel}","templated":true}]}}