{"id":12643,"date":"2015-12-11T17:24:43","date_gmt":"2015-12-11T19:24:43","guid":{"rendered":"http:\/\/catolicanet.net\/wp-cnet\/2015\/12\/11\/cristaos-perseguidos-precisam-de-nossa-solidariedade-diz-dom-gallagher\/"},"modified":"2017-06-02T10:11:41","modified_gmt":"2017-06-02T13:11:41","slug":"cristaos-perseguidos-precisam-de-nossa-solidariedade-diz-dom-gallagher","status":"publish","type":"post","link":"https:\/\/catolicanet.net\/wp-cnet\/cristaos-perseguidos-precisam-de-nossa-solidariedade-diz-dom-gallagher\/","title":{"rendered":"Crist\u00e3os perseguidos precisam de nossa solidariedade, diz Dom Gallagher"},"content":{"rendered":"<p style=\"text-align: justify;\"><img decoding=\"async\" src=\"http:\/\/catolicanet.com.br\/images\/stories\/afp3785816_articolo.jpg\" border=\"0\" align=\"left\" \/>Roma (RV) \u2013 \u201cA situa\u00e7\u00e3o dos crist\u00e3os hoje \u00e9 terr\u00edvel, como a de outras popula\u00e7\u00f5es no Oriente M\u00e9dio. Os crist\u00e3os participam em modo particular do sofrimento destes povos sujeitos a conflitos, bombardeios e persegui\u00e7\u00f5es. Uma situa\u00e7\u00e3o que exige a nossa solidariedade e ora\u00e7\u00e3o como crist\u00e3os e uma a\u00e7\u00e3o por parte da comunidade internacional e pol\u00edtica para tentar remediar\u201d. Foi o que afirmou o Secret\u00e1rio para as Rela\u00e7\u00f5es com os Estados, Dom Paul Richard Gallagher, ao pronunciar-se na quinta-feira, 10, na Pontif\u00edcia Universidade Urbaniana, em Roma, na sess\u00e3o inaugural do Simp\u00f3sio \u201cA resposta crist\u00e3 \u00e0 persegui\u00e7\u00e3o\u201d, promovido pelo \u201cSob a espada de C\u00e9sar\u201d, projeto que investiga as viola\u00e7\u00f5es da liberdade religiosa.<\/p>\n<p>\u201cComo podemos ver, muitos conflitos s\u00e3o complexos e interligados e \u00e9 necess\u00e1rio trabalhar por solu\u00e7\u00f5es pol\u00edticas na S\u00edria, no Oriente M\u00e9dio e ajudar pa\u00edses como L\u00edbano e Jord\u00e2nia, que t\u00eam um n\u00famero enorme de refugiados\u201d. \u201cOs crist\u00e3os \u2013 recordou Dom Gallagher \u2013 s\u00e3o v\u00edtimas de 80% dos atos de descrimina\u00e7\u00e3o no mundo, muitos dos quais n\u00e3o s\u00e3o informados\u201d. Por consequ\u00eancia, existe um \u201csentimento de abandono das comunidades crist\u00e3s no Oriente M\u00e9dio, especialmente agora com o Califado, uma triste realidade que amea\u00e7a a sobreviv\u00eancia dos crist\u00e3os da regi\u00e3o\u201d.<\/p>\n<p>O Secret\u00e1rio para as Rela\u00e7\u00f5es com os Estados recordou \u201cas restri\u00e7\u00f5es \u00e0 liberdade religiosa, que tem o primado entre os direitos humanos, pois \u00e9 a mais antiga\u201d. Para ajudar as comunidades crist\u00e3s perseguidas a superar o sentimento de abandono, Dom Gallagher indicou o caminho da forma\u00e7\u00e3o e da educa\u00e7\u00e3o: \u201cDevemos entrar em contato com comunidades perseguidas para conhec\u00ea-las, rezar por elas. Mas \u00e9 necess\u00e1rio tamb\u00e9m redobrar os esfor\u00e7os para responder \u00e0s suas necessidades humanit\u00e1rias agora que se prepararam para viver um outro Natal fora de suas terras. O conhecimento \u2013 sublinhou \u2013 \u00e9 o primeiro passo para a solidariedade\u201d.<\/p>\n<p>Mais tarde, falando \u00e0 margem do encontro, Dom Gallagher comentou as palavras do Presidente russo Vladimir Putin, sobre um poss\u00edvel uso de armas nucleares na luta contra o Estado Isl\u00e2mico, reafirmando a posi\u00e7\u00e3o da Santa S\u00e9: \u201cPromover o di\u00e1logo para alcan\u00e7ar uma solu\u00e7\u00e3o diplom\u00e1tica e pol\u00edtica, tentando tudo neste sentido\u201d. \u201cComo crist\u00e3os somos sempre chamados \u00e0 esperan\u00e7as e \u00e0 miseric\u00f3rdia, como disse o Santo Padre para o Jubileu. Devemos colocar em a\u00e7\u00e3o todos os meios segundo a nossa f\u00e9, para resolver a situa\u00e7\u00e3o e dar um pouco de esperan\u00e7a a estas popula\u00e7\u00f5es\u201d. O Secret\u00e1rio, por fim,\u00a0 recordou a preocupa\u00e7\u00e3o da Santa S\u00e9 sobre a situa\u00e7\u00e3o na L\u00edbia: \u201cAp\u00f3s Kadaki a situa\u00e7\u00e3o dos crist\u00e3os \u00e9 desastrosa. Muitos padres e religiosos partiram e com a sua partida a nossa comunidade perdeu pontos de refer\u00eancia\u201d.<\/p>\n","protected":false},"excerpt":{"rendered":"<p>Roma (RV) \u2013 \u201cA situa\u00e7\u00e3o dos crist\u00e3os hoje \u00e9 terr\u00edvel, como a de outras popula\u00e7\u00f5es no Oriente M\u00e9dio. Os crist\u00e3os participam em modo particular do sofrimento destes povos sujeitos a conflitos, bombardeios e persegui\u00e7\u00f5es. Uma situa\u00e7\u00e3o que exige a nossa solidariedade e ora\u00e7\u00e3o como crist\u00e3os e uma a\u00e7\u00e3o por parte da comunidade internacional e pol\u00edtica [&hellip;]<\/p>\n","protected":false},"author":1,"featured_media":0,"comment_status":"open","ping_status":"open","sticky":false,"template":"","format":"standard","meta":{"footnotes":""},"categories":[3],"tags":[],"class_list":["post-12643","post","type-post","status-publish","format-standard","hentry","category-vaticano"],"_links":{"self":[{"href":"https:\/\/catolicanet.net\/wp-cnet\/wp-json\/wp\/v2\/posts\/12643","targetHints":{"allow":["GET"]}}],"collection":[{"href":"https:\/\/catolicanet.net\/wp-cnet\/wp-json\/wp\/v2\/posts"}],"about":[{"href":"https:\/\/catolicanet.net\/wp-cnet\/wp-json\/wp\/v2\/types\/post"}],"author":[{"embeddable":true,"href":"https:\/\/catolicanet.net\/wp-cnet\/wp-json\/wp\/v2\/users\/1"}],"replies":[{"embeddable":true,"href":"https:\/\/catolicanet.net\/wp-cnet\/wp-json\/wp\/v2\/comments?post=12643"}],"version-history":[{"count":1,"href":"https:\/\/catolicanet.net\/wp-cnet\/wp-json\/wp\/v2\/posts\/12643\/revisions"}],"predecessor-version":[{"id":27840,"href":"https:\/\/catolicanet.net\/wp-cnet\/wp-json\/wp\/v2\/posts\/12643\/revisions\/27840"}],"wp:attachment":[{"href":"https:\/\/catolicanet.net\/wp-cnet\/wp-json\/wp\/v2\/media?parent=12643"}],"wp:term":[{"taxonomy":"category","embeddable":true,"href":"https:\/\/catolicanet.net\/wp-cnet\/wp-json\/wp\/v2\/categories?post=12643"},{"taxonomy":"post_tag","embeddable":true,"href":"https:\/\/catolicanet.net\/wp-cnet\/wp-json\/wp\/v2\/tags?post=12643"}],"curies":[{"name":"wp","href":"https:\/\/api.w.org\/{rel}","templated":true}]}}