{"id":12634,"date":"2015-12-11T13:37:22","date_gmt":"2015-12-11T15:37:22","guid":{"rendered":"http:\/\/catolicanet.net\/wp-cnet\/2015\/12\/11\/asiapaquistao-ameacas-as-igrejas-para-o-natal-os-cristaos-respondem-com-a-oracao\/"},"modified":"2017-05-31T14:33:56","modified_gmt":"2017-05-31T17:33:56","slug":"asiapaquistao-ameacas-as-igrejas-para-o-natal-os-cristaos-respondem-com-a-oracao","status":"publish","type":"post","link":"https:\/\/catolicanet.net\/wp-cnet\/asiapaquistao-ameacas-as-igrejas-para-o-natal-os-cristaos-respondem-com-a-oracao\/","title":{"rendered":"\u00c1SIA\/PAQUIST\u00c3O &#8211; Amea\u00e7as \u00e0s igrejas para o Natal: os crist\u00e3os respondem com a ora\u00e7\u00e3o"},"content":{"rendered":"<p style=\"text-align: justify;\">Lahore (Ag\u00eancia Fides) \u2013 Os crist\u00e3os e as igrejas em Youhanabad, bairro da cidade de Lahore, um dos maiores redutos crist\u00e3os na prov\u00edncia de Punjab, receberam amea\u00e7as de ataques terroristas durante o Natal. Como apurado por Fides, diversas igrejas sinalizaram essas amea\u00e7as \u00e0s autoridades interessadas, pedindo que as medidas de seguran\u00e7a fossem refor\u00e7adas.<br \/>Depois dos atentados suicidas de mar\u00e7o passado, quando dois kamikazes acionaram as bombas diante de duas igrejas em Youhanabad, uma cat\u00f3lica e outra protestante, os residentes vivem no medo constante e as recentes mensagens geraram uma nova onda de p\u00e2nico. Nusrat Bibi, professor de Youhanabad, nota que \u201ceste ano, medo e incerteza reinam pelas ruas de Youhanabad, ningu\u00e9m se sente seguro. Dificilmente haver\u00e1 o habitual mercadinho e as decora\u00e7\u00f5es natalinas. Sentimos como se algu\u00e9m tivesse roubado a nossa felicidade\u201d.<br \/>N\u00e3o obstante a presen\u00e7a da pol\u00edcia tenha aumentado, as Igrejas se dotaram de seguran\u00e7as particulares. Mas \u201cuma arma especial \u00e9 a ora\u00e7\u00e3o\u201d, nota a Ong crist\u00e3 paquistanesa \u201cLife For All\u201d (LFA), convidando a sociedade civil a participar de uma campanha de \u201cora\u00e7\u00e3o pela paz\u201d em vista do Natal. Xavier Williams, presidente LFA, nota a Fides: \u201cH\u00e1 anos o Paquist\u00e3o luta contra o terrorismo que atingiu ruas, pra\u00e7as, escolas, mesquitas e igrejas. N\u00f3s continuaremos a rezar incessantemente a Deus pelo dom da paz, invocando a for\u00e7a para superar momentos dif\u00edceis como este. O terrorismo \u00e9 um desafio que diz respeito a todos. O Natal \u00e9 uma mensagem de alegria, de esperan\u00e7a e de vit\u00f3ria sobre a morte\u201d.<\/p>\n<p style=\"text-align: justify;\">Fonte: Ag\u00eancia Fides<\/p>\n","protected":false},"excerpt":{"rendered":"<p>Lahore (Ag\u00eancia Fides) \u2013 Os crist\u00e3os e as igrejas em Youhanabad, bairro da cidade de Lahore, um dos maiores redutos crist\u00e3os na prov\u00edncia de Punjab, receberam amea\u00e7as de ataques terroristas durante o Natal. Como apurado por Fides, diversas igrejas sinalizaram essas amea\u00e7as \u00e0s autoridades interessadas, pedindo que as medidas de seguran\u00e7a fossem refor\u00e7adas.Depois dos atentados [&hellip;]<\/p>\n","protected":false},"author":1,"featured_media":0,"comment_status":"open","ping_status":"open","sticky":false,"template":"","format":"standard","meta":{"footnotes":""},"categories":[4],"tags":[],"class_list":["post-12634","post","type-post","status-publish","format-standard","hentry","category-cotidiano"],"_links":{"self":[{"href":"https:\/\/catolicanet.net\/wp-cnet\/wp-json\/wp\/v2\/posts\/12634","targetHints":{"allow":["GET"]}}],"collection":[{"href":"https:\/\/catolicanet.net\/wp-cnet\/wp-json\/wp\/v2\/posts"}],"about":[{"href":"https:\/\/catolicanet.net\/wp-cnet\/wp-json\/wp\/v2\/types\/post"}],"author":[{"embeddable":true,"href":"https:\/\/catolicanet.net\/wp-cnet\/wp-json\/wp\/v2\/users\/1"}],"replies":[{"embeddable":true,"href":"https:\/\/catolicanet.net\/wp-cnet\/wp-json\/wp\/v2\/comments?post=12634"}],"version-history":[{"count":1,"href":"https:\/\/catolicanet.net\/wp-cnet\/wp-json\/wp\/v2\/posts\/12634\/revisions"}],"predecessor-version":[{"id":26777,"href":"https:\/\/catolicanet.net\/wp-cnet\/wp-json\/wp\/v2\/posts\/12634\/revisions\/26777"}],"wp:attachment":[{"href":"https:\/\/catolicanet.net\/wp-cnet\/wp-json\/wp\/v2\/media?parent=12634"}],"wp:term":[{"taxonomy":"category","embeddable":true,"href":"https:\/\/catolicanet.net\/wp-cnet\/wp-json\/wp\/v2\/categories?post=12634"},{"taxonomy":"post_tag","embeddable":true,"href":"https:\/\/catolicanet.net\/wp-cnet\/wp-json\/wp\/v2\/tags?post=12634"}],"curies":[{"name":"wp","href":"https:\/\/api.w.org\/{rel}","templated":true}]}}