{"id":12633,"date":"2015-12-11T13:36:12","date_gmt":"2015-12-11T15:36:12","guid":{"rendered":"http:\/\/catolicanet.net\/wp-cnet\/2015\/12\/11\/asiasiria-libertados-pelos-jihadistas-outros-25-refens-cristaos-do-vale-de-khabur\/"},"modified":"2017-05-31T14:34:46","modified_gmt":"2017-05-31T17:34:46","slug":"asiasiria-libertados-pelos-jihadistas-outros-25-refens-cristaos-do-vale-de-khabur","status":"publish","type":"post","link":"https:\/\/catolicanet.net\/wp-cnet\/asiasiria-libertados-pelos-jihadistas-outros-25-refens-cristaos-do-vale-de-khabur\/","title":{"rendered":"\u00c1SIA\/S\u00cdRIA &#8211; Libertados pelos jihadistas outros 25 ref\u00e9ns crist\u00e3os do vale de Khabur"},"content":{"rendered":"<p style=\"text-align: justify;\">Hassak\u00e9 (Ag\u00eancia Fides) \u2013 Os jihadistas afiliados ao Estado Isl\u00e2mico (Daesh) libertaram em 9 de dezembro outros 25 crist\u00e3os ass\u00edrios que faziam parte do grupo de ref\u00e9ns capturados por eles em 23 de fevereiro passado, quando as mil\u00edcias jihadistas desencadearam uma ofensiva contra os povoados de maioria crist\u00e3 ass\u00edria espalhada no vale do Rio Khabur, na prov\u00edncia s\u00edria ao norte de Hassak\u00e9.<br \/>Segundo o que foi referido por fontes locais, e publicado pela Assyrian International News Agengy (Aina), o grupo de ref\u00e9ns libertados inclui homens, adolescentes e duas crian\u00e7as abaixo de dez anos que depois de serem libertados conseguiram chegar, com discretas condi\u00e7\u00f5es de sa\u00fade, \u00e0 cidade de Tel Tamar.<br \/>Os crist\u00e3os ass\u00edrios do vale de Khabur presos pelos jihadistas em fevereiro eram mais de 250. Desde ent\u00e3o foram libertados v\u00e1rios grupos de prisioneiros. A \u00faltima vez, em 24 de novembro, 10 crist\u00e3os ass\u00edrios de Khabur foram libertados pelo Daesh. Atualmente, os ref\u00e9ns daquele grupo que permanecem ainda nas m\u00e3os dos jihadistas do Estado Isl\u00e2mico s\u00e3o mais ou menos 130. Desde o in\u00edcio de outubro, nos sites jihadistas foram divulgados o v\u00eddeo da execu\u00e7\u00e3o de tr\u00eas crist\u00e3os ass\u00edrios do vale de Khabur (veja Fides 8\/10\/2015). O v\u00eddeo, gravado segundo os rituais macabros seguidos tamb\u00e9m em outros casos pela propaganda jihadista, advertia que as execu\u00e7\u00f5es de outros ref\u00e9ns iriam continuar enquanto n\u00e3o fosse depositada a soma pedida como resgate por sua liberta\u00e7\u00e3o.<\/p>\n<p style=\"text-align: justify;\">Fonte: Ag\u00eancia Fides<\/p>\n","protected":false},"excerpt":{"rendered":"<p>Hassak\u00e9 (Ag\u00eancia Fides) \u2013 Os jihadistas afiliados ao Estado Isl\u00e2mico (Daesh) libertaram em 9 de dezembro outros 25 crist\u00e3os ass\u00edrios que faziam parte do grupo de ref\u00e9ns capturados por eles em 23 de fevereiro passado, quando as mil\u00edcias jihadistas desencadearam uma ofensiva contra os povoados de maioria crist\u00e3 ass\u00edria espalhada no vale do Rio Khabur, [&hellip;]<\/p>\n","protected":false},"author":1,"featured_media":0,"comment_status":"open","ping_status":"open","sticky":false,"template":"","format":"standard","meta":{"footnotes":""},"categories":[4],"tags":[],"class_list":["post-12633","post","type-post","status-publish","format-standard","hentry","category-cotidiano"],"_links":{"self":[{"href":"https:\/\/catolicanet.net\/wp-cnet\/wp-json\/wp\/v2\/posts\/12633","targetHints":{"allow":["GET"]}}],"collection":[{"href":"https:\/\/catolicanet.net\/wp-cnet\/wp-json\/wp\/v2\/posts"}],"about":[{"href":"https:\/\/catolicanet.net\/wp-cnet\/wp-json\/wp\/v2\/types\/post"}],"author":[{"embeddable":true,"href":"https:\/\/catolicanet.net\/wp-cnet\/wp-json\/wp\/v2\/users\/1"}],"replies":[{"embeddable":true,"href":"https:\/\/catolicanet.net\/wp-cnet\/wp-json\/wp\/v2\/comments?post=12633"}],"version-history":[{"count":1,"href":"https:\/\/catolicanet.net\/wp-cnet\/wp-json\/wp\/v2\/posts\/12633\/revisions"}],"predecessor-version":[{"id":26781,"href":"https:\/\/catolicanet.net\/wp-cnet\/wp-json\/wp\/v2\/posts\/12633\/revisions\/26781"}],"wp:attachment":[{"href":"https:\/\/catolicanet.net\/wp-cnet\/wp-json\/wp\/v2\/media?parent=12633"}],"wp:term":[{"taxonomy":"category","embeddable":true,"href":"https:\/\/catolicanet.net\/wp-cnet\/wp-json\/wp\/v2\/categories?post=12633"},{"taxonomy":"post_tag","embeddable":true,"href":"https:\/\/catolicanet.net\/wp-cnet\/wp-json\/wp\/v2\/tags?post=12633"}],"curies":[{"name":"wp","href":"https:\/\/api.w.org\/{rel}","templated":true}]}}