{"id":12625,"date":"2015-12-11T11:54:58","date_gmt":"2015-12-11T13:54:58","guid":{"rendered":"http:\/\/catolicanet.net\/wp-cnet\/2015\/12\/11\/pregacoes-de-advento-nao-se-resignar-a-mediocridade\/"},"modified":"2017-06-02T13:57:56","modified_gmt":"2017-06-02T16:57:56","slug":"pregacoes-de-advento-nao-se-resignar-a-mediocridade","status":"publish","type":"post","link":"https:\/\/catolicanet.net\/wp-cnet\/pregacoes-de-advento-nao-se-resignar-a-mediocridade\/","title":{"rendered":"Prega\u00e7\u00f5es de Advento: n\u00e3o se resignar \u00e0 mediocridade"},"content":{"rendered":"<p style=\"text-align: justify;\"><img decoding=\"async\" src=\"http:\/\/catolicanet.com.br\/images\/stories\/ansa915835_articolo.jpg\" border=\"0\" align=\"left\" \/>O Papa Francisco e seus colaboradores da C\u00faria Romana participaram nesta sexta-feira (11\/12), da segunda prega\u00e7\u00e3o de Advento, realizada pelo Fr. Raniero Cantalamessa.<\/p>\n<p>A segunda medita\u00e7\u00e3o foi inspirada no V cap\u00edtulo da Constitui\u00e7\u00e3o Dogm\u00e1tica Lumen gentium, do Conc\u00edlio Vaticano II, \u201cA voca\u00e7\u00e3o de todos \u00e0 santidade na Igreja\u201d.<\/p>\n<p>O pregador da Casa Pontif\u00edcia agradeceu ao Santo Padre pela convoca\u00e7\u00e3o deste Ano Jubilar, acrescentando que o elo entre o tema da miseric\u00f3rdia e o Conc\u00edlio Vaticano II n\u00e3o \u00e9 absolutamente arbitr\u00e1rio ou secund\u00e1rio.<\/p>\n<p>J\u00e1 no discurso de abertura do Conc\u00edlio, em outubro de 1962, S. Jo\u00e3o XXIII indicou na miseric\u00f3rdia a novidade e o estilo do Vaticano II.<\/p>\n<p>Citando Santo Agostinho, Fr. Cantalamessa ressaltou a necessidade de se despertar novamente nos crist\u00e3os um desejo de santidade (Tota vita christiani boni, sanctum desiderium est \u2013 Toda a vida do bom crist\u00e3o consiste num santo desejo [isto \u00e9, num desejo de santidade]).<\/p>\n<p>O frade capuchinho encerrou sua medita\u00e7\u00e3o com uma pergunta ao Papa e a seus colaboradores: \u201cEu tenho fome e sede de santidade, ou estou me resignando \u00e0 mediocridade?\u201d.<\/p>\n<p>Ap\u00f3s a prega\u00e7\u00e3o de Advento, o Papa Francisco se reuniu com os membros do C9, o Conselho dos nove cardeais encarregados da reforma da C\u00faria Romana.<\/p>\n<p>Fonte: R\u00e1dio Vaticado<\/p>\n","protected":false},"excerpt":{"rendered":"<p>O Papa Francisco e seus colaboradores da C\u00faria Romana participaram nesta sexta-feira (11\/12), da segunda prega\u00e7\u00e3o de Advento, realizada pelo Fr. Raniero Cantalamessa. A segunda medita\u00e7\u00e3o foi inspirada no V cap\u00edtulo da Constitui\u00e7\u00e3o Dogm\u00e1tica Lumen gentium, do Conc\u00edlio Vaticano II, \u201cA voca\u00e7\u00e3o de todos \u00e0 santidade na Igreja\u201d. O pregador da Casa Pontif\u00edcia agradeceu ao [&hellip;]<\/p>\n","protected":false},"author":1,"featured_media":0,"comment_status":"open","ping_status":"open","sticky":false,"template":"","format":"standard","meta":{"footnotes":""},"categories":[3],"tags":[],"class_list":["post-12625","post","type-post","status-publish","format-standard","hentry","category-vaticano"],"_links":{"self":[{"href":"https:\/\/catolicanet.net\/wp-cnet\/wp-json\/wp\/v2\/posts\/12625","targetHints":{"allow":["GET"]}}],"collection":[{"href":"https:\/\/catolicanet.net\/wp-cnet\/wp-json\/wp\/v2\/posts"}],"about":[{"href":"https:\/\/catolicanet.net\/wp-cnet\/wp-json\/wp\/v2\/types\/post"}],"author":[{"embeddable":true,"href":"https:\/\/catolicanet.net\/wp-cnet\/wp-json\/wp\/v2\/users\/1"}],"replies":[{"embeddable":true,"href":"https:\/\/catolicanet.net\/wp-cnet\/wp-json\/wp\/v2\/comments?post=12625"}],"version-history":[{"count":1,"href":"https:\/\/catolicanet.net\/wp-cnet\/wp-json\/wp\/v2\/posts\/12625\/revisions"}],"predecessor-version":[{"id":28571,"href":"https:\/\/catolicanet.net\/wp-cnet\/wp-json\/wp\/v2\/posts\/12625\/revisions\/28571"}],"wp:attachment":[{"href":"https:\/\/catolicanet.net\/wp-cnet\/wp-json\/wp\/v2\/media?parent=12625"}],"wp:term":[{"taxonomy":"category","embeddable":true,"href":"https:\/\/catolicanet.net\/wp-cnet\/wp-json\/wp\/v2\/categories?post=12625"},{"taxonomy":"post_tag","embeddable":true,"href":"https:\/\/catolicanet.net\/wp-cnet\/wp-json\/wp\/v2\/tags?post=12625"}],"curies":[{"name":"wp","href":"https:\/\/api.w.org\/{rel}","templated":true}]}}