{"id":12613,"date":"2015-12-10T15:21:50","date_gmt":"2015-12-10T17:21:50","guid":{"rendered":"http:\/\/catolicanet.net\/wp-cnet\/2015\/12\/10\/pode-um-pai-ser-misericordioso-e-severo-ao-mesmo-tempo-cardeal-mueller-oferece-resposta\/"},"modified":"2017-05-31T16:22:06","modified_gmt":"2017-05-31T19:22:06","slug":"pode-um-pai-ser-misericordioso-e-severo-ao-mesmo-tempo-cardeal-mueller-oferece-resposta","status":"publish","type":"post","link":"https:\/\/catolicanet.net\/wp-cnet\/pode-um-pai-ser-misericordioso-e-severo-ao-mesmo-tempo-cardeal-mueller-oferece-resposta\/","title":{"rendered":"Pode um pai ser misericordioso e severo ao mesmo tempo? Cardeal M\u00fcller oferece resposta"},"content":{"rendered":"<p style=\"text-align: justify;\"><img decoding=\"async\" src=\"http:\/\/catolicanet.com.br\/images\/stories\/11221284.jpg\" border=\"0\" align=\"left\" \/>Pode um pai ser misericordioso e severo ao mesmo tempo? Cardeal M\u00fcller oferece resposta<br \/>Cardeal Gerhard M\u00fcller, Prefeito da Congrega\u00e7\u00e3o para a Doutrina da F\u00e9.<\/p>\n<p style=\"text-align: justify;\">Por ocasi\u00e3o do in\u00edcio do Ano da Miseric\u00f3rdia, o Prefeito da Congrega\u00e7\u00e3o para a Doutrina da F\u00e9, Cardeal Gerhard M\u00fcller concedeu uma entrevista \u00e0 ACI Stampa \u2013 ag\u00eancia em italiano do Grupo ACI \u2013 na qual falou acerca de diversos temas como a tarefa de seu dicast\u00e9rio, a corre\u00e7\u00e3o dos erros doutrinais, a miss\u00e3o da Comiss\u00e3o Teol\u00f3gica Internacional, entre outros.<\/p>\n<p>Miseric\u00f3rdia e erros doutrinais<\/p>\n<p>Ao ser perguntado sobre se \u00e9 poss\u00edvel ser misericordioso ao corrigir os erros doutrinais, o Cardeal respondeu: \u201cPode um pai ser misericordioso e severo ao mesmo tempo? Na verdade, se um pai n\u00e3o corrige os seus filhos e, ao inv\u00e9s disso, justifica ou minimiza seus erros, n\u00e3o os amaria ou os enviaria diretamente para a destrui\u00e7\u00e3o\u201d.<\/p>\n<p>No fundo, precisou, \u201cum pai que n\u00e3o ajuda os seus filhos a reconhecer seus erros, n\u00e3o os ama de verdade e n\u00e3o confia na possibilidade de que eles mudem\u201d.<\/p>\n<p>\u201cPorque a miseric\u00f3rdia cont\u00e9m em si, de forma indel\u00e9vel e inseparavelmente, o amor e a verdade. Pertence \u00e0 tradi\u00e7\u00e3o crist\u00e3, das Escrituras at\u00e9 o Magist\u00e9rio dos \u00faltimos Papas, que amor e verdade est\u00e3o juntos: n\u00e3o existe amor sem verdade e n\u00e3o existe verdade aut\u00eantica sem amor. E isto acaso n\u00e3o deveria ser v\u00e1lido tamb\u00e9m para a doutrina?\u201d.<\/p>\n<p>A miseric\u00f3rdia, explica o Cardeal, \u201c\u00e9 o contr\u00e1rio do laissez faire (deixar fazer)\u2026 esta n\u00e3o \u00e9 a atitude de Deus frente ao homem: basta ler os evangelhos e ver como se comportava Jesus, era bom, mas ao mesmo tempo n\u00e3o ocultava a verdade. E a doutrina tem o mesmo objetivo de ajudar-nos a conhecer a verdade, nos ajuda a aceit\u00e1-la em sua integridade e n\u00e3o enganar a verdade\u201d.<\/p>\n<p>\u201cA doutrina, para os crist\u00e3os, n\u00e3o tem como \u00faltima refer\u00eancia as ideias (que temos) sobre Deus ou sobre a salva\u00e7\u00e3o que nos oferece, mas a vida mesma de Deus e sua irrup\u00e7\u00e3o na vida do homem: \u00e9 uma ajuda para compreender quem \u00e9 Deus e o que est\u00e1 em jogo com a salva\u00e7\u00e3o que Deus oferece \u00e0 vida concreta do homem\u201d.<\/p>\n<p>Entretanto, \u201cpara compreender tudo isto, \u00e9 necess\u00e1ria uma raz\u00e3o humilde, que n\u00e3o se coloca presun\u00e7osamente como a medida de todas as coisas. Infelizmente, o pensamento que surge da modernidade, que nos deixou tamb\u00e9m uma heran\u00e7a de muitas coisas belas, privou-nos desta humildade\u201d.<\/p>\n<p>Comiss\u00e3o Teol\u00f3gica Internacional<\/p>\n<p>A respeito do trabalho da Comiss\u00e3o Teol\u00f3gica Internacional que tamb\u00e9m preside por depender da Congrega\u00e7\u00e3o para a Doutrina da F\u00e9, o Cardeal alem\u00e3o afirmou: \u201cA teologia, gra\u00e7as \u00e0 f\u00e9, nos ajuda a olhar a nossa vida a partir do ponto de vista que Deus, revelando-se, abre aos nossos olhos para ver os outros homens e o mundo\u201d.<\/p>\n<p>\u201cDesta forma, conhecendo sempre mais Deus e os dons de sua miseric\u00f3rdia, poderemos responder sempre melhor o seu amor e am\u00e1-lo sempre mais nas nossas obras. A Comiss\u00e3o Teol\u00f3gica Internacional procura ajudar nisso atrav\u00e9s de um servi\u00e7o espec\u00edfico para a Congrega\u00e7\u00e3o para a Doutrina da F\u00e9 e o Papa, com a participa\u00e7\u00e3o de alguns peritos provenientes do mundo inteiro, sugeridos pelas distintas confer\u00eancias episcopais\u201d, explicou.<\/p>\n<p>\u201cO fato de que os peritos provenham de todos os continentes ajuda a olhar os assuntos com uma abertura especial e com uma considera\u00e7\u00e3o universal dos problemas. \u00c9 importante este olhar teol\u00f3gico que reflita o car\u00e1ter universal da Igreja e o leve a cabo, tamb\u00e9m porque a teologia est\u00e1 a servi\u00e7o da doutrina e, por sua vez, a doutrina est\u00e1 a servi\u00e7o da pastoral, a qual, ao mesmo tempo, ajuda a teologia e a pastoral a esclarecer melhor o objeto de sua aten\u00e7\u00e3o\u201d.<\/p>\n<p>Em seguida, o Prefeito da Congrega\u00e7\u00e3o para a Doutrina da F\u00e9 contou que \u201catualmente a Comiss\u00e3o (Teol\u00f3gica Internacional) est\u00e1 aprofundando sua reflex\u00e3o sobre alguns temas que est\u00e3o no cora\u00e7\u00e3o do Papa Francisco, como a sinodalidade, isto \u00e9, a necessidade de que a vida eclesi\u00e1stica seja concebida como um caminhar juntos \u00e0 direita do Senhor e para os desafios que Ele nos prop\u00f5e\u201d.<\/p>\n<p>Entre outros temas da reflex\u00e3o, est\u00e3o tamb\u00e9m a rela\u00e7\u00e3o entre f\u00e9 e sacramentos, no contexto do \u00faltimo S\u00ednodo dos Bispos sobre a Fam\u00edlia, a liberdade religiosa, entre outros.<\/p>\n<p>\u201cEsta \u00e9 uma reflex\u00e3o de alto n\u00edvel que tem o objetivo de ajudar a Igreja inteira a olhar sempre com maior verdade alguns pontos importantes da sua vida. Porque a miseric\u00f3rdia n\u00e3o se det\u00e9m no gesto do perd\u00e3o, mas ajuda a renova\u00e7\u00e3o da vida inteira!\u201d.<\/p>\n<p>Miseric\u00f3rdia e confiss\u00e3o<\/p>\n<p>O Cardeal alem\u00e3o disse ainda que \u201ca miseric\u00f3rdia por meio da qual Jesus reveste nosso cora\u00e7\u00e3o, \u00e0s vezes com for\u00e7a, outras vezes com do\u00e7ura, \u00e9 uma onda de bem e de verdade com a qual nos urge mudar em meio a nossa vida e abrir-nos \u00e0queles que vivem ao nosso lado, fazendo que se sintam pr\u00f3ximos, perto\u201d.<\/p>\n<p>\u201cA miseric\u00f3rdia nos ajuda a conhecer sempre mais aquele Deus que se revela em Jesus e nos revela sempre mais a n\u00f3s mesmos. E nos ensina a olhar, a amar-nos a n\u00f3s mesmos e aos outros nessa perspectiva de bem e de verdade atrav\u00e9s da qual Jesus mesmo nos v\u00ea\u201d.<\/p>\n<p>Neste sentido, continuou o Prefeito, \u201cpara mim, \u00e9 paradigm\u00e1tico da miseric\u00f3rdia o gesto da confiss\u00e3o sacramental. Cada vez que nos confessamos, nos aproximamos do Senhor com o olhar sobre nossos pecados e podemos sair aliviados, contagiados pelo seu olhar sobre n\u00f3s, algo justo e bom ao mesmo tempo, n\u00e3o faz concess\u00f5es f\u00e1ceis, mas n\u00e3o nos abandona ante nossas mis\u00e9rias\u201d.<\/p>\n<p>\u201cUm olhar que exige muito de n\u00f3s por uma simples raz\u00e3o: Deus nos d\u00e1 muito e por isso exige muito de n\u00f3s, pois sabe que podemos dar muito quando recebemos Dele, mas o faz como um Pai bondoso que sabe ser paciente com seus filhos e n\u00e3o se cansa nunca de acompanh\u00e1-los e por isso tamb\u00e9m nunca os abandona\u201d.<\/p>\n<p>Todas as obras de miseric\u00f3rdia, espirituais ou corporais, precisou o Cardeal, \u201cque a Igreja ensina e atrav\u00e9s das quais nos educa, encontram aqui sua origem: podemos viver a miseric\u00f3rdia somente se a recebemos primeiro\u201d.<\/p>\n<p>Que espera deste Ano da Miseric\u00f3rdia?<\/p>\n<p>\u201cEspero para a Igreja e para todos n\u00f3s que sigamos Jesus sempre com mais fidelidade e amor, a fim de n\u00e3o permanecermos prisioneiros de nossas fragilidades e mis\u00e9rias. Assim, poderemos servir sempre melhor aos nossos irm\u00e3os e irm\u00e3s, na Igreja ou fora dela, porque o mundo inteiro necessita de Cristo, precisa ser aliviado e renovado pelo seu amor\u201d. <\/p>\n<p>\u201cE porque a miseric\u00f3rdia \u2013 concluiu o Cardeal alem\u00e3o \u2013 \u00e9 uma gra\u00e7a que vem do alto e muda a vida, nos recebe como estamos, mas n\u00e3o nos deixa iguais a antes. Obrigado Senhor! Isto tamb\u00e9m espero para minha vida, como para toda a Igreja e para o mundo inteiro: ter sempre uma maior experi\u00eancia deste amor que nos deixa tranquilos, move nossos cora\u00e7\u00f5es e nos transforma\u201d.<\/p>\n<p>O Papa Francisco inaugurou o Jubileu ou Ano Santo da Miseric\u00f3rdia em 8 de dezembro de 2015, na Solenidade da Imaculada Concei\u00e7\u00e3o da Virgem Maria, ao abrir, acompanhado pelo Papa Em\u00e9rito Bento XVI, a Porta Santa na Bas\u00edlica de S\u00e3o Pedro. Este Jubileu terminar\u00e1 no dia 20 de novembro de 2016, com a Solenidade de Cristo Rei.<\/p>\n<p>Durante este ano, os fi\u00e9is poder\u00e3o obter a indulg\u00eancia plen\u00e1ria fazendo uma peregrina\u00e7\u00e3o para a Porta Santa que cada bispo escolha em cada diocese, al\u00e9m de cumprir os requisitos gerais (confira aqui).<\/p>\n<p style=\"text-align: justify;\">Fonte: Acidigital<\/p>\n","protected":false},"excerpt":{"rendered":"<p>Pode um pai ser misericordioso e severo ao mesmo tempo? Cardeal M\u00fcller oferece respostaCardeal Gerhard M\u00fcller, Prefeito da Congrega\u00e7\u00e3o para a Doutrina da F\u00e9. Por ocasi\u00e3o do in\u00edcio do Ano da Miseric\u00f3rdia, o Prefeito da Congrega\u00e7\u00e3o para a Doutrina da F\u00e9, Cardeal Gerhard M\u00fcller concedeu uma entrevista \u00e0 ACI Stampa \u2013 ag\u00eancia em italiano do [&hellip;]<\/p>\n","protected":false},"author":1,"featured_media":0,"comment_status":"open","ping_status":"open","sticky":false,"template":"","format":"standard","meta":{"footnotes":""},"categories":[4],"tags":[],"class_list":["post-12613","post","type-post","status-publish","format-standard","hentry","category-cotidiano"],"_links":{"self":[{"href":"https:\/\/catolicanet.net\/wp-cnet\/wp-json\/wp\/v2\/posts\/12613","targetHints":{"allow":["GET"]}}],"collection":[{"href":"https:\/\/catolicanet.net\/wp-cnet\/wp-json\/wp\/v2\/posts"}],"about":[{"href":"https:\/\/catolicanet.net\/wp-cnet\/wp-json\/wp\/v2\/types\/post"}],"author":[{"embeddable":true,"href":"https:\/\/catolicanet.net\/wp-cnet\/wp-json\/wp\/v2\/users\/1"}],"replies":[{"embeddable":true,"href":"https:\/\/catolicanet.net\/wp-cnet\/wp-json\/wp\/v2\/comments?post=12613"}],"version-history":[{"count":1,"href":"https:\/\/catolicanet.net\/wp-cnet\/wp-json\/wp\/v2\/posts\/12613\/revisions"}],"predecessor-version":[{"id":27061,"href":"https:\/\/catolicanet.net\/wp-cnet\/wp-json\/wp\/v2\/posts\/12613\/revisions\/27061"}],"wp:attachment":[{"href":"https:\/\/catolicanet.net\/wp-cnet\/wp-json\/wp\/v2\/media?parent=12613"}],"wp:term":[{"taxonomy":"category","embeddable":true,"href":"https:\/\/catolicanet.net\/wp-cnet\/wp-json\/wp\/v2\/categories?post=12613"},{"taxonomy":"post_tag","embeddable":true,"href":"https:\/\/catolicanet.net\/wp-cnet\/wp-json\/wp\/v2\/tags?post=12613"}],"curies":[{"name":"wp","href":"https:\/\/api.w.org\/{rel}","templated":true}]}}