{"id":12606,"date":"2015-12-10T11:20:27","date_gmt":"2015-12-10T13:20:27","guid":{"rendered":"http:\/\/catolicanet.net\/wp-cnet\/2015\/12\/10\/dom-jose-negri-e-acolhido-em-missa-solene-no-santuario-nossa-senhora-de-fatima\/"},"modified":"2017-05-31T14:56:16","modified_gmt":"2017-05-31T17:56:16","slug":"dom-jose-negri-e-acolhido-em-missa-solene-no-santuario-nossa-senhora-de-fatima","status":"publish","type":"post","link":"https:\/\/catolicanet.net\/wp-cnet\/dom-jose-negri-e-acolhido-em-missa-solene-no-santuario-nossa-senhora-de-fatima\/","title":{"rendered":"Dom Jos\u00e9 Negri \u00e9 acolhido em missa solene no Santu\u00e1rio Nossa Senhora de F\u00e1tima"},"content":{"rendered":"<p style=\"text-align: justify;\"><img decoding=\"async\" src=\"http:\/\/catolicanet.com.br\/images\/stories\/00 ndice.png\" border=\"0\" align=\"left\" \/>Dom Jos\u00e9 Negri \u00e9 acolhido em missa solene no Santu\u00e1rio Nossa Senhora de F\u00e1tima\u00a0\u00a0 \u00a0<\/p>\n<p>Na noite de ontem, ter\u00e7a-feira (08\/12), um grande n\u00famero de pessoas lotou o Santu\u00e1rio Nossa Senhora de F\u00e1tima, em Santo Amaro, para uma celebra\u00e7\u00e3o muito especial. Al\u00e9m da Solenidade da Imaculada Concei\u00e7\u00e3o de Maria e da abertura do Ano Santo da Miseric\u00f3rdia, foi o momento de acolher Dom Jos\u00e9 Negri, PIME, como o novo Bispo da Diocese de Santo Amaro, iniciando sua miss\u00e3o pastoral \u00e0 frente da nossa diocese.<br \/>Passagem do B\u00e1culo<\/p>\n<p>Ap\u00f3s a proclama\u00e7\u00e3o do Evangelho, Dom Fernando Figueiredo passou o B\u00e1culo para Dom Jos\u00e9 Negri. Neste ato simb\u00f3lico Dom Jos\u00e9 assumiu sua miss\u00e3o pastoral na Diocese de Santo Amaro.<\/p>\n<p style=\"text-align: justify;\">Fonte: Diocese Sto. Amaro<\/p>\n<p style=\"text-align: justify;\">\u00a0<\/p>\n","protected":false},"excerpt":{"rendered":"<p>Dom Jos\u00e9 Negri \u00e9 acolhido em missa solene no Santu\u00e1rio Nossa Senhora de F\u00e1tima\u00a0\u00a0 \u00a0 Na noite de ontem, ter\u00e7a-feira (08\/12), um grande n\u00famero de pessoas lotou o Santu\u00e1rio Nossa Senhora de F\u00e1tima, em Santo Amaro, para uma celebra\u00e7\u00e3o muito especial. Al\u00e9m da Solenidade da Imaculada Concei\u00e7\u00e3o de Maria e da abertura do Ano Santo [&hellip;]<\/p>\n","protected":false},"author":1,"featured_media":0,"comment_status":"open","ping_status":"open","sticky":false,"template":"","format":"standard","meta":{"footnotes":""},"categories":[4],"tags":[],"class_list":["post-12606","post","type-post","status-publish","format-standard","hentry","category-cotidiano"],"_links":{"self":[{"href":"https:\/\/catolicanet.net\/wp-cnet\/wp-json\/wp\/v2\/posts\/12606","targetHints":{"allow":["GET"]}}],"collection":[{"href":"https:\/\/catolicanet.net\/wp-cnet\/wp-json\/wp\/v2\/posts"}],"about":[{"href":"https:\/\/catolicanet.net\/wp-cnet\/wp-json\/wp\/v2\/types\/post"}],"author":[{"embeddable":true,"href":"https:\/\/catolicanet.net\/wp-cnet\/wp-json\/wp\/v2\/users\/1"}],"replies":[{"embeddable":true,"href":"https:\/\/catolicanet.net\/wp-cnet\/wp-json\/wp\/v2\/comments?post=12606"}],"version-history":[{"count":1,"href":"https:\/\/catolicanet.net\/wp-cnet\/wp-json\/wp\/v2\/posts\/12606\/revisions"}],"predecessor-version":[{"id":26842,"href":"https:\/\/catolicanet.net\/wp-cnet\/wp-json\/wp\/v2\/posts\/12606\/revisions\/26842"}],"wp:attachment":[{"href":"https:\/\/catolicanet.net\/wp-cnet\/wp-json\/wp\/v2\/media?parent=12606"}],"wp:term":[{"taxonomy":"category","embeddable":true,"href":"https:\/\/catolicanet.net\/wp-cnet\/wp-json\/wp\/v2\/categories?post=12606"},{"taxonomy":"post_tag","embeddable":true,"href":"https:\/\/catolicanet.net\/wp-cnet\/wp-json\/wp\/v2\/tags?post=12606"}],"curies":[{"name":"wp","href":"https:\/\/api.w.org\/{rel}","templated":true}]}}