{"id":12600,"date":"2015-12-09T16:52:14","date_gmt":"2015-12-09T18:52:14","guid":{"rendered":"http:\/\/catolicanet.net\/wp-cnet\/2015\/12\/09\/a-terra-santa-abre-suas-portas-da-misericordia\/"},"modified":"2017-05-31T13:31:44","modified_gmt":"2017-05-31T16:31:44","slug":"a-terra-santa-abre-suas-portas-da-misericordia","status":"publish","type":"post","link":"https:\/\/catolicanet.net\/wp-cnet\/a-terra-santa-abre-suas-portas-da-misericordia\/","title":{"rendered":"A Terra Santa abre suas portas da Miseric\u00f3rdia"},"content":{"rendered":"<p style=\"text-align: justify;\">De Jerusal\u00e9m a Haifa, de Bel\u00e9m a Nazar\u00e9: bispos recomendam a peregrina\u00e7\u00e3o &#8220;em sinal de penit\u00eancia pelos pecados contra a paz e pela justi\u00e7a no Oriente M\u00e9dio&#8221;<\/p>\n<p>Por ocasi\u00e3o do Jubileu, os Ordin\u00e1rios Cat\u00f3licos da Terra Santa fizeram escolhas comuns para os fi\u00e9is e peregrinos que visitam os locais sagrados durante o ano da miseric\u00f3rdia.<\/p>\n<p>A Comiss\u00e3o episcopal para as peregrina\u00e7\u00f5es convida os peregrinos que visitam a Terra Santa a participarem da abertura de uma das seguintes Portas da Miseric\u00f3rdia:<\/p>\n<p>Jerusal\u00e9m, Bas\u00edlica do Gets\u00eamani, 13 de dezembro de 2015, 16 horas<\/p>\n<p>Haifa, Catedral Melquita, 13 de dezembro de 2015<\/p>\n<p>Haifa, Catedral Maronita, 13 de dezembro de 2015<\/p>\n<p>Amman, Catedral Melquita, 13 de dezembro de 2015<\/p>\n<p>Nicosia, Catedral Maronita, 13 de dezembro de 2015<\/p>\n<p>Bel\u00e9m, Igreja de Santa Catarina, 24 de dezembro de 2015, 23:15<\/p>\n<p>Nazar\u00e9, Bas\u00edlica da Anuncia\u00e7\u00e3o, 27 de dezembro de 2015, 10:00<\/p>\n<p>A visita a estes lugares santos durante o ano da miseric\u00f3rdia, \u00e9 recomendada &#8220;em sinal de penit\u00eancia por todos os pecados contra a paz, a reconcilia\u00e7\u00e3o e a justi\u00e7a no Oriente M\u00e9dio&#8221;, declara em um comunicado, Pietro Felet, SCJ, Secret\u00e1rio-Geral AOCTS e da Comiss\u00e3o episcopal para as peregrina\u00e7\u00f5es.<\/p>\n<p>&#8220;Atravessar a Porta da Miseric\u00f3rdia no Gets\u00eamani, em Bel\u00e9m ou em Nazar\u00e9 &#8211; continua Felet &#8211; para obter a indulg\u00eancia plen\u00e1ria, nas condi\u00e7\u00f5es adequadas, n\u00e3o \u00e9 um ritual prescrito vazio de significado, mas uma promessa p\u00fablica de compromisso concreto, pessoal e comunit\u00e1rio por um mundo melhor &#8220;.<\/p>\n<p>Isso ajudar\u00e1 &#8211; disse ele-\u00a0 &#8220;a n\u00e3o esquecer, durante a peregrina\u00e7\u00e3o, o exerc\u00edcio das obras de miseric\u00f3rdia espirituais e corporais que devem ser vividas&#8221;, em especial &#8220;a ora\u00e7\u00e3o, o domingo, com uma comunidade paroquial, aquela mais isolada e distante das grandes cidades &#8220;, exercendo, assim, a &#8220;comunh\u00e3o de f\u00e9&#8221;.<\/p>\n<p>O Jubileu da Miseric\u00f3rdia &#8211; acrescenta Felet \u2013 tamb\u00e9m poder\u00e1 ser vivido \u201cpassando um pouco de tempo com os idosos, os doentes, os jovens com defici\u00eancia, os refugiados, os moradores de tantas institui\u00e7\u00f5es religiosas&#8221;, em sinal da &#8220;proximidade do amor&#8221;.<\/p>\n<p>&#8220;Os Ordin\u00e1rios Cat\u00f3licos da Terra Santa desejam que o programa seja conhecido e inserido no itiner\u00e1rio da peregrina\u00e7\u00e3o&#8221;, concluiu o Secret\u00e1rio da comiss\u00e3o episcopal para as peregrina\u00e7\u00f5es.<\/p>\n<p style=\"text-align: justify;\">Fonte: Zenit<\/p>\n","protected":false},"excerpt":{"rendered":"<p>De Jerusal\u00e9m a Haifa, de Bel\u00e9m a Nazar\u00e9: bispos recomendam a peregrina\u00e7\u00e3o &#8220;em sinal de penit\u00eancia pelos pecados contra a paz e pela justi\u00e7a no Oriente M\u00e9dio&#8221; Por ocasi\u00e3o do Jubileu, os Ordin\u00e1rios Cat\u00f3licos da Terra Santa fizeram escolhas comuns para os fi\u00e9is e peregrinos que visitam os locais sagrados durante o ano da miseric\u00f3rdia. [&hellip;]<\/p>\n","protected":false},"author":1,"featured_media":0,"comment_status":"open","ping_status":"open","sticky":false,"template":"","format":"standard","meta":{"footnotes":""},"categories":[4],"tags":[],"class_list":["post-12600","post","type-post","status-publish","format-standard","hentry","category-cotidiano"],"_links":{"self":[{"href":"https:\/\/catolicanet.net\/wp-cnet\/wp-json\/wp\/v2\/posts\/12600","targetHints":{"allow":["GET"]}}],"collection":[{"href":"https:\/\/catolicanet.net\/wp-cnet\/wp-json\/wp\/v2\/posts"}],"about":[{"href":"https:\/\/catolicanet.net\/wp-cnet\/wp-json\/wp\/v2\/types\/post"}],"author":[{"embeddable":true,"href":"https:\/\/catolicanet.net\/wp-cnet\/wp-json\/wp\/v2\/users\/1"}],"replies":[{"embeddable":true,"href":"https:\/\/catolicanet.net\/wp-cnet\/wp-json\/wp\/v2\/comments?post=12600"}],"version-history":[{"count":1,"href":"https:\/\/catolicanet.net\/wp-cnet\/wp-json\/wp\/v2\/posts\/12600\/revisions"}],"predecessor-version":[{"id":26664,"href":"https:\/\/catolicanet.net\/wp-cnet\/wp-json\/wp\/v2\/posts\/12600\/revisions\/26664"}],"wp:attachment":[{"href":"https:\/\/catolicanet.net\/wp-cnet\/wp-json\/wp\/v2\/media?parent=12600"}],"wp:term":[{"taxonomy":"category","embeddable":true,"href":"https:\/\/catolicanet.net\/wp-cnet\/wp-json\/wp\/v2\/categories?post=12600"},{"taxonomy":"post_tag","embeddable":true,"href":"https:\/\/catolicanet.net\/wp-cnet\/wp-json\/wp\/v2\/tags?post=12600"}],"curies":[{"name":"wp","href":"https:\/\/api.w.org\/{rel}","templated":true}]}}