{"id":12595,"date":"2015-12-09T12:49:19","date_gmt":"2015-12-09T14:49:19","guid":{"rendered":"http:\/\/catolicanet.net\/wp-cnet\/2015\/12\/09\/festa-do-santo-natal\/"},"modified":"2017-05-31T15:18:39","modified_gmt":"2017-05-31T18:18:39","slug":"festa-do-santo-natal","status":"publish","type":"post","link":"https:\/\/catolicanet.net\/wp-cnet\/festa-do-santo-natal\/","title":{"rendered":"Festa do Santo Natal"},"content":{"rendered":"<p style=\"text-align: justify;\">\u201cGl\u00f3ria a Deus no mais alto dos c\u00e9us e paz na terra aos homens que ele ama!\u201d (Lc 2, 14).<\/p>\n<p> Na gloriosa e iluminada FESTA DO SANTO NATAL tudo \u00e9 vida, tudo renasce e tudo \u00e9 paz e caridade.<br \/> Natal \u00e9 a Festa da fam\u00edlia, do encontro, do reencontro, da comunh\u00e3o e do amor com a Sagrada Fam\u00edlia.<br \/> Natal \u00e9 tudo de bom e do mais profundo sentimento de gratid\u00e3o ao Senhor Deus, ao pr\u00f3ximo e ao Universo.<br \/> O nosso cora\u00e7\u00e3o bate muito mais forte na Festa do Natal e a emo\u00e7\u00e3o o faz derramar l\u00e1grimas de compaix\u00e3o.<br \/> Essa Festa brilhante tem um poder colossal de motivar os mais duros cora\u00e7\u00f5es a realizar belas obras de caridades. Quantas pessoas perdoam, mudam, melhoram e se convertem para fazer o bem ao pr\u00f3ximo por toda vida devido \u00e0 libert\u00e1ria Festa do Natal!<br \/> A dimens\u00e3o humana alcan\u00e7a sua plenitude na Festa do Menino Deus. A alma vai ao infinito da celestialidade!<br \/> O amor \u00e9 maior do que todas as coisas criadas pelo nascimento do Salvador do mundo.<br \/>NATAL \u00c9 O SUBLIME TEMPO EM QUE OS CORA\u00c7\u00d5ES SE UNEM E EXPRESSAM OS MAIS PRUFUNDOS E LINDOS SENTIMENTOS!<br \/>Na f\u00e9 e na gra\u00e7a do \u201cEmanuel\u201d possamos viver sempre no amor e no caminho das luzes da Festa do Santo Natal cantando:<br \/> \u201cNoite Feliz\u201d! Noite Feliz!<br \/>\u00d3 Senhor, Deus de amor, pobrezinho, <br \/>Nasceu em Bel\u00e9m; eis na lapa, <br \/>Jesus nosso bem! \u201cDorme em paz, \u00f3 Jesus\u201d.<\/p>\n<p>\u201cFELIZ NATAL E UM ABEN\u00c7OADO ANO NOVO EM CRISTO!\u201d<\/p>\n<p>Pe. In\u00e1cio Jos\u00e9 do Vale<br \/>Irm\u00e3ozinho da Visita\u00e7\u00e3o<br \/>Escritor, Professor e Conferencista<br \/>E-mail: pe.inacio.jose@gmail.com<\/p>\n","protected":false},"excerpt":{"rendered":"<p>\u201cGl\u00f3ria a Deus no mais alto dos c\u00e9us e paz na terra aos homens que ele ama!\u201d (Lc 2, 14). Na gloriosa e iluminada FESTA DO SANTO NATAL tudo \u00e9 vida, tudo renasce e tudo \u00e9 paz e caridade. Natal \u00e9 a Festa da fam\u00edlia, do encontro, do reencontro, da comunh\u00e3o e do amor com [&hellip;]<\/p>\n","protected":false},"author":1,"featured_media":0,"comment_status":"open","ping_status":"open","sticky":false,"template":"","format":"standard","meta":{"footnotes":""},"categories":[4],"tags":[],"class_list":["post-12595","post","type-post","status-publish","format-standard","hentry","category-cotidiano"],"_links":{"self":[{"href":"https:\/\/catolicanet.net\/wp-cnet\/wp-json\/wp\/v2\/posts\/12595","targetHints":{"allow":["GET"]}}],"collection":[{"href":"https:\/\/catolicanet.net\/wp-cnet\/wp-json\/wp\/v2\/posts"}],"about":[{"href":"https:\/\/catolicanet.net\/wp-cnet\/wp-json\/wp\/v2\/types\/post"}],"author":[{"embeddable":true,"href":"https:\/\/catolicanet.net\/wp-cnet\/wp-json\/wp\/v2\/users\/1"}],"replies":[{"embeddable":true,"href":"https:\/\/catolicanet.net\/wp-cnet\/wp-json\/wp\/v2\/comments?post=12595"}],"version-history":[{"count":1,"href":"https:\/\/catolicanet.net\/wp-cnet\/wp-json\/wp\/v2\/posts\/12595\/revisions"}],"predecessor-version":[{"id":26881,"href":"https:\/\/catolicanet.net\/wp-cnet\/wp-json\/wp\/v2\/posts\/12595\/revisions\/26881"}],"wp:attachment":[{"href":"https:\/\/catolicanet.net\/wp-cnet\/wp-json\/wp\/v2\/media?parent=12595"}],"wp:term":[{"taxonomy":"category","embeddable":true,"href":"https:\/\/catolicanet.net\/wp-cnet\/wp-json\/wp\/v2\/categories?post=12595"},{"taxonomy":"post_tag","embeddable":true,"href":"https:\/\/catolicanet.net\/wp-cnet\/wp-json\/wp\/v2\/tags?post=12595"}],"curies":[{"name":"wp","href":"https:\/\/api.w.org\/{rel}","templated":true}]}}